{"id":54239,"date":"2026-04-07T16:09:49","date_gmt":"2026-04-07T20:09:49","guid":{"rendered":"https:\/\/www.uqac.ca\/uqactualites\/?p=54239"},"modified":"2026-04-08T08:07:39","modified_gmt":"2026-04-08T12:07:39","slug":"la-professeure-duygu-kocaefe-et-le-professeur-yasar-kocaefe-participent-au-congres-international-tms-2026","status":"publish","type":"post","link":"https:\/\/www.uqac.ca\/uqactualites\/2026\/04\/07\/la-professeure-duygu-kocaefe-et-le-professeur-yasar-kocaefe-participent-au-congres-international-tms-2026\/","title":{"rendered":"La professeure Duygu Kocaefe et le professeur Yasar Kocaefe participent au congr\u00e8s international TMS 2026"},"content":{"rendered":"<p>La professeure et directrice de la <a href=\"https:\/\/recherche.uqac.ca\/chaire-de-recherche-sur-les-materiaux-industriels-chimi\" target=\"_blank\" rel=\"noopener\">Chaire institutionnelle de recherche sur les mat\u00e9riaux industriels (CHIMI)<\/a> <a href=\"https:\/\/portfolio.uqac.ca\/duygukocaefe\/\" target=\"_blank\" rel=\"noopener\">Duygu Kocaefe<\/a> et le professeur <a href=\"https:\/\/portfolio.uqac.ca\/yasarkocaefe\/\" target=\"_blank\" rel=\"noopener\">Yasar Kocaefe<\/a>, du <a href=\"https:\/\/www.uqac.ca\/dsa\/\" target=\"_blank\" rel=\"noopener\">D\u00e9partement des sciences appliqu\u00e9es de l&rsquo;UQAC<\/a>, ont particip\u00e9 au congr\u00e8s international TMS 2026, qui avait lieu du 14 au 19 mars \u00e0 San Diego, Californie. Organis\u00e9 par la <em>Minerals, Metals &amp; Materials Society<\/em>, cet \u00e9v\u00e9nement rassemblait plus de 4\u202f000 professionnelles et professionnels sp\u00e9cialis\u00e9s en sciences des min\u00e9raux, des m\u00e9taux et des mat\u00e9riaux.<\/p>\n<p>La professeure Duygu Kocaefe et le professeur Yasar Kocaefe \u00e9taient sur place afin de pr\u00e9senter leurs travaux en cours. L&rsquo;un des articles qui ont \u00e9t\u00e9 pr\u00e9sent\u00e9s porte sur la technologie SERMA (<em>Specific Electrical Resistivity Measurement of Anodes<\/em>). D\u00e9velopp\u00e9e \u00e0 l&rsquo;UQAC, cette technologie a donn\u00e9 lieu \u00e0 quatre brevets. Elle a ensuite \u00e9t\u00e9 perfectionn\u00e9e, automatis\u00e9e et commercialis\u00e9e gr\u00e2ce \u00e0 une collaboration avec Dynamic Concept. L&rsquo;innovation fait actuellement l\u2019objet d\u2019une validation industrielle par Emirates Global Aluminium (EGA), o\u00f9 elle a donn\u00e9 des r\u00e9sultats tr\u00e8s prometteurs. Le troisi\u00e8me inventeur, Dipankar Bhattacharyay, anciennement chercheur postdoctorant \u00e0 l&rsquo;UQAC, n&rsquo;a pas pu participer au congr\u00e8s.<\/p>\n<p>SERMA repr\u00e9sente une avanc\u00e9e majeure dans le contr\u00f4le de la qualit\u00e9 des anodes pour les alumineries, s\u2019appliquant aussi bien aux anodes crues qu\u2019aux anodes cuites. Sa mise en \u0153uvre a le potentiel de transformer les pratiques actuelles en offrant des m\u00e9thodes d\u2019\u00e9valuation plus fiables, efficaces et pr\u00e9cises.<\/p>\n<p>Les r\u00e9sultats obtenus lors des essais en usine ont \u00e9t\u00e9 pr\u00e9sent\u00e9s au congr\u00e8s TMS 2026 par Edouard Mofor d\u2019Emirates Global Aluminium (EGA), mettant en \u00e9vidence la performance notable et la pertinence industrielle de cette technologie.<\/p>\n<p>Les membres de l\u2019\u00e9quipe de d\u00e9veloppement de la technologie \u2014 Duygu Kocaefe et Yasar Kocaefe, ainsi que Jean-Fran\u00e7ois Desmeules de Dynamic Concept \u2014 \u00e9taient pr\u00e9sents afin d\u2019\u00e9changer avec les personnes participantes et de r\u00e9pondre aux questions, soulignant davantage l\u2019importance et l\u2019impact de cette innovation.<\/p>\n","protected":false},"excerpt":{"rendered":"<p>La professeure et directrice de la Chaire institutionnelle de recherche sur les mat\u00e9riaux industriels (CHIMI) Duygu Kocaefe et le professeur Yasar Kocaefe, du D\u00e9partement des sciences appliqu\u00e9es de l&rsquo;UQAC, ont particip\u00e9 au congr\u00e8s international TMS 2026, qui avait lieu du 14 au 19 mars \u00e0 San Diego, Californie. Organis\u00e9 par la Minerals, Metals &amp; Materials [&hellip;]<\/p>\n","protected":false},"author":5,"featured_media":54241,"comment_status":"closed","ping_status":"open","sticky":false,"template":"","format":"standard","meta":{"footnotes":""},"categories":[2795,2,4],"tags":[3028,21],"yoast_head":"<!-- This site is optimized with the Yoast SEO plugin v24.2 - https:\/\/yoast.com\/wordpress\/plugins\/seo\/ -->\r\n<title>La professeure Duygu Kocaefe et le professeur Yasar Kocaefe participent au congr\u00e8s international TMS 2026 - UQACtualit\u00e9s<\/title>\r\n<meta name=\"robots\" content=\"index, follow, max-snippet:-1, max-image-preview:large, max-video-preview:-1\" \/>\r\n<link rel=\"canonical\" href=\"https:\/\/www.uqac.ca\/uqactualites\/2026\/04\/07\/la-professeure-duygu-kocaefe-et-le-professeur-yasar-kocaefe-participent-au-congres-international-tms-2026\/\" \/>\r\n<meta property=\"og:locale\" content=\"fr_CA\" \/>\r\n<meta property=\"og:type\" content=\"article\" \/>\r\n<meta property=\"og:title\" content=\"La professeure Duygu Kocaefe et le professeur Yasar Kocaefe participent au congr\u00e8s international TMS 2026 - UQACtualit\u00e9s\" \/>\r\n<meta property=\"og:description\" content=\"La professeure et directrice de la Chaire institutionnelle de recherche sur les mat\u00e9riaux industriels (CHIMI) Duygu Kocaefe et le professeur Yasar Kocaefe, du D\u00e9partement des sciences appliqu\u00e9es de l&rsquo;UQAC, ont particip\u00e9 au congr\u00e8s international TMS 2026, qui avait lieu du 14 au 19 mars \u00e0 San Diego, Californie. Organis\u00e9 par la Minerals, Metals &amp; Materials [&hellip;]\" \/>\r\n<meta property=\"og:url\" content=\"https:\/\/www.uqac.ca\/uqactualites\/2026\/04\/07\/la-professeure-duygu-kocaefe-et-le-professeur-yasar-kocaefe-participent-au-congres-international-tms-2026\/\" \/>\r\n<meta property=\"og:site_name\" content=\"UQACtualit\u00e9s\" \/>\r\n<meta property=\"article:published_time\" content=\"2026-04-07T20:09:49+00:00\" \/>\r\n<meta property=\"article:modified_time\" content=\"2026-04-08T12:07:39+00:00\" \/>\r\n<meta property=\"og:image\" content=\"https:\/\/www.uqac.ca\/uqactualites\/wp-content\/uploads\/2026\/04\/A-la-une-UQACtualite-30-1024x576.png\" \/>\r\n\t<meta property=\"og:image:width\" content=\"1024\" \/>\r\n\t<meta property=\"og:image:height\" content=\"576\" \/>\r\n\t<meta property=\"og:image:type\" content=\"image\/png\" \/>\r\n<meta name=\"author\" content=\"Service des communications et des relations publiques\" \/>\r\n<meta name=\"twitter:card\" content=\"summary_large_image\" \/>\r\n<meta name=\"twitter:label1\" content=\"\u00c9crit par\" \/>\n\t<meta name=\"twitter:data1\" content=\"Service des communications et des relations publiques\" \/>\n\t<meta name=\"twitter:label2\" content=\"Estimation du temps de lecture\" \/>\n\t<meta name=\"twitter:data2\" content=\"2 minutes\" \/>\r\n<script type=\"application\/ld+json\" class=\"yoast-schema-graph\">{\"@context\":\"https:\/\/schema.org\",\"@graph\":[{\"@type\":\"WebPage\",\"@id\":\"https:\/\/www.uqac.ca\/uqactualites\/2026\/04\/07\/la-professeure-duygu-kocaefe-et-le-professeur-yasar-kocaefe-participent-au-congres-international-tms-2026\/\",\"url\":\"https:\/\/www.uqac.ca\/uqactualites\/2026\/04\/07\/la-professeure-duygu-kocaefe-et-le-professeur-yasar-kocaefe-participent-au-congres-international-tms-2026\/\",\"name\":\"La professeure Duygu Kocaefe et le professeur Yasar Kocaefe participent au congr\u00e8s international TMS 2026 - UQACtualit\u00e9s\",\"isPartOf\":{\"@id\":\"https:\/\/www.uqac.ca\/uqactualites\/#website\"},\"primaryImageOfPage\":{\"@id\":\"https:\/\/www.uqac.ca\/uqactualites\/2026\/04\/07\/la-professeure-duygu-kocaefe-et-le-professeur-yasar-kocaefe-participent-au-congres-international-tms-2026\/#primaryimage\"},\"image\":{\"@id\":\"https:\/\/www.uqac.ca\/uqactualites\/2026\/04\/07\/la-professeure-duygu-kocaefe-et-le-professeur-yasar-kocaefe-participent-au-congres-international-tms-2026\/#primaryimage\"},\"thumbnailUrl\":\"https:\/\/www.uqac.ca\/uqactualites\/wp-content\/uploads\/2026\/04\/A-la-une-UQACtualite-30.png\",\"datePublished\":\"2026-04-07T20:09:49+00:00\",\"dateModified\":\"2026-04-08T12:07:39+00:00\",\"author\":{\"@id\":\"https:\/\/www.uqac.ca\/uqactualites\/#\/schema\/person\/366c45a0c4f0e677b41b4af5886e2018\"},\"breadcrumb\":{\"@id\":\"https:\/\/www.uqac.ca\/uqactualites\/2026\/04\/07\/la-professeure-duygu-kocaefe-et-le-professeur-yasar-kocaefe-participent-au-congres-international-tms-2026\/#breadcrumb\"},\"inLanguage\":\"fr-CA\",\"potentialAction\":[{\"@type\":\"ReadAction\",\"target\":[\"https:\/\/www.uqac.ca\/uqactualites\/2026\/04\/07\/la-professeure-duygu-kocaefe-et-le-professeur-yasar-kocaefe-participent-au-congres-international-tms-2026\/\"]}]},{\"@type\":\"ImageObject\",\"inLanguage\":\"fr-CA\",\"@id\":\"https:\/\/www.uqac.ca\/uqactualites\/2026\/04\/07\/la-professeure-duygu-kocaefe-et-le-professeur-yasar-kocaefe-participent-au-congres-international-tms-2026\/#primaryimage\",\"url\":\"https:\/\/www.uqac.ca\/uqactualites\/wp-content\/uploads\/2026\/04\/A-la-une-UQACtualite-30.png\",\"contentUrl\":\"https:\/\/www.uqac.ca\/uqactualites\/wp-content\/uploads\/2026\/04\/A-la-une-UQACtualite-30.png\",\"width\":1920,\"height\":1080},{\"@type\":\"BreadcrumbList\",\"@id\":\"https:\/\/www.uqac.ca\/uqactualites\/2026\/04\/07\/la-professeure-duygu-kocaefe-et-le-professeur-yasar-kocaefe-participent-au-congres-international-tms-2026\/#breadcrumb\",\"itemListElement\":[{\"@type\":\"ListItem\",\"position\":1,\"name\":\"Home\",\"item\":\"https:\/\/www.uqac.ca\/uqactualites\/\"},{\"@type\":\"ListItem\",\"position\":2,\"name\":\"La professeure Duygu Kocaefe et le professeur Yasar Kocaefe participent au congr\u00e8s international TMS 2026\"}]},{\"@type\":\"WebSite\",\"@id\":\"https:\/\/www.uqac.ca\/uqactualites\/#website\",\"url\":\"https:\/\/www.uqac.ca\/uqactualites\/\",\"name\":\"UQACtualit\u00e9s\",\"description\":\"Le portail des nouvelles de l&#039;UQAC\",\"potentialAction\":[{\"@type\":\"SearchAction\",\"target\":{\"@type\":\"EntryPoint\",\"urlTemplate\":\"https:\/\/www.uqac.ca\/uqactualites\/?s={search_term_string}\"},\"query-input\":{\"@type\":\"PropertyValueSpecification\",\"valueRequired\":true,\"valueName\":\"search_term_string\"}}],\"inLanguage\":\"fr-CA\"},{\"@type\":\"Person\",\"@id\":\"https:\/\/www.uqac.ca\/uqactualites\/#\/schema\/person\/366c45a0c4f0e677b41b4af5886e2018\",\"name\":\"Service des communications et des relations publiques\",\"image\":{\"@type\":\"ImageObject\",\"inLanguage\":\"fr-CA\",\"@id\":\"https:\/\/www.uqac.ca\/uqactualites\/#\/schema\/person\/image\/\",\"url\":\"https:\/\/secure.gravatar.com\/avatar\/20fbbda8a292f59f2d3461a5b999c00b?s=96&d=mm&r=g\",\"contentUrl\":\"https:\/\/secure.gravatar.com\/avatar\/20fbbda8a292f59f2d3461a5b999c00b?s=96&d=mm&r=g\",\"caption\":\"Service des communications et des relations publiques\"},\"url\":\"https:\/\/www.uqac.ca\/uqactualites\/author\/bap\/\"}]}<\/script>\r\n<!-- \/ Yoast SEO plugin. -->","yoast_head_json":{"title":"La professeure Duygu Kocaefe et le professeur Yasar Kocaefe participent au congr\u00e8s international TMS 2026 - UQACtualit\u00e9s","robots":{"index":"index","follow":"follow","max-snippet":"max-snippet:-1","max-image-preview":"max-image-preview:large","max-video-preview":"max-video-preview:-1"},"canonical":"https:\/\/www.uqac.ca\/uqactualites\/2026\/04\/07\/la-professeure-duygu-kocaefe-et-le-professeur-yasar-kocaefe-participent-au-congres-international-tms-2026\/","og_locale":"fr_CA","og_type":"article","og_title":"La professeure Duygu Kocaefe et le professeur Yasar Kocaefe participent au congr\u00e8s international TMS 2026 - UQACtualit\u00e9s","og_description":"La professeure et directrice de la Chaire institutionnelle de recherche sur les mat\u00e9riaux industriels (CHIMI) Duygu Kocaefe et le professeur Yasar Kocaefe, du D\u00e9partement des sciences appliqu\u00e9es de l&rsquo;UQAC, ont particip\u00e9 au congr\u00e8s international TMS 2026, qui avait lieu du 14 au 19 mars \u00e0 San Diego, Californie. Organis\u00e9 par la Minerals, Metals &amp; Materials [&hellip;]","og_url":"https:\/\/www.uqac.ca\/uqactualites\/2026\/04\/07\/la-professeure-duygu-kocaefe-et-le-professeur-yasar-kocaefe-participent-au-congres-international-tms-2026\/","og_site_name":"UQACtualit\u00e9s","article_published_time":"2026-04-07T20:09:49+00:00","article_modified_time":"2026-04-08T12:07:39+00:00","og_image":[{"width":1024,"height":576,"url":"https:\/\/www.uqac.ca\/uqactualites\/wp-content\/uploads\/2026\/04\/A-la-une-UQACtualite-30-1024x576.png","type":"image\/png"}],"author":"Service des communications et des relations publiques","twitter_card":"summary_large_image","twitter_misc":{"\u00c9crit par":"Service des communications et des relations publiques","Estimation du temps de lecture":"2 minutes"},"schema":{"@context":"https:\/\/schema.org","@graph":[{"@type":"WebPage","@id":"https:\/\/www.uqac.ca\/uqactualites\/2026\/04\/07\/la-professeure-duygu-kocaefe-et-le-professeur-yasar-kocaefe-participent-au-congres-international-tms-2026\/","url":"https:\/\/www.uqac.ca\/uqactualites\/2026\/04\/07\/la-professeure-duygu-kocaefe-et-le-professeur-yasar-kocaefe-participent-au-congres-international-tms-2026\/","name":"La professeure Duygu Kocaefe et le professeur Yasar Kocaefe participent au congr\u00e8s international TMS 2026 - UQACtualit\u00e9s","isPartOf":{"@id":"https:\/\/www.uqac.ca\/uqactualites\/#website"},"primaryImageOfPage":{"@id":"https:\/\/www.uqac.ca\/uqactualites\/2026\/04\/07\/la-professeure-duygu-kocaefe-et-le-professeur-yasar-kocaefe-participent-au-congres-international-tms-2026\/#primaryimage"},"image":{"@id":"https:\/\/www.uqac.ca\/uqactualites\/2026\/04\/07\/la-professeure-duygu-kocaefe-et-le-professeur-yasar-kocaefe-participent-au-congres-international-tms-2026\/#primaryimage"},"thumbnailUrl":"https:\/\/www.uqac.ca\/uqactualites\/wp-content\/uploads\/2026\/04\/A-la-une-UQACtualite-30.png","datePublished":"2026-04-07T20:09:49+00:00","dateModified":"2026-04-08T12:07:39+00:00","author":{"@id":"https:\/\/www.uqac.ca\/uqactualites\/#\/schema\/person\/366c45a0c4f0e677b41b4af5886e2018"},"breadcrumb":{"@id":"https:\/\/www.uqac.ca\/uqactualites\/2026\/04\/07\/la-professeure-duygu-kocaefe-et-le-professeur-yasar-kocaefe-participent-au-congres-international-tms-2026\/#breadcrumb"},"inLanguage":"fr-CA","potentialAction":[{"@type":"ReadAction","target":["https:\/\/www.uqac.ca\/uqactualites\/2026\/04\/07\/la-professeure-duygu-kocaefe-et-le-professeur-yasar-kocaefe-participent-au-congres-international-tms-2026\/"]}]},{"@type":"ImageObject","inLanguage":"fr-CA","@id":"https:\/\/www.uqac.ca\/uqactualites\/2026\/04\/07\/la-professeure-duygu-kocaefe-et-le-professeur-yasar-kocaefe-participent-au-congres-international-tms-2026\/#primaryimage","url":"https:\/\/www.uqac.ca\/uqactualites\/wp-content\/uploads\/2026\/04\/A-la-une-UQACtualite-30.png","contentUrl":"https:\/\/www.uqac.ca\/uqactualites\/wp-content\/uploads\/2026\/04\/A-la-une-UQACtualite-30.png","width":1920,"height":1080},{"@type":"BreadcrumbList","@id":"https:\/\/www.uqac.ca\/uqactualites\/2026\/04\/07\/la-professeure-duygu-kocaefe-et-le-professeur-yasar-kocaefe-participent-au-congres-international-tms-2026\/#breadcrumb","itemListElement":[{"@type":"ListItem","position":1,"name":"Home","item":"https:\/\/www.uqac.ca\/uqactualites\/"},{"@type":"ListItem","position":2,"name":"La professeure Duygu Kocaefe et le professeur Yasar Kocaefe participent au congr\u00e8s international TMS 2026"}]},{"@type":"WebSite","@id":"https:\/\/www.uqac.ca\/uqactualites\/#website","url":"https:\/\/www.uqac.ca\/uqactualites\/","name":"UQACtualit\u00e9s","description":"Le portail des nouvelles de l&#039;UQAC","potentialAction":[{"@type":"SearchAction","target":{"@type":"EntryPoint","urlTemplate":"https:\/\/www.uqac.ca\/uqactualites\/?s={search_term_string}"},"query-input":{"@type":"PropertyValueSpecification","valueRequired":true,"valueName":"search_term_string"}}],"inLanguage":"fr-CA"},{"@type":"Person","@id":"https:\/\/www.uqac.ca\/uqactualites\/#\/schema\/person\/366c45a0c4f0e677b41b4af5886e2018","name":"Service des communications et des relations publiques","image":{"@type":"ImageObject","inLanguage":"fr-CA","@id":"https:\/\/www.uqac.ca\/uqactualites\/#\/schema\/person\/image\/","url":"https:\/\/secure.gravatar.com\/avatar\/20fbbda8a292f59f2d3461a5b999c00b?s=96&d=mm&r=g","contentUrl":"https:\/\/secure.gravatar.com\/avatar\/20fbbda8a292f59f2d3461a5b999c00b?s=96&d=mm&r=g","caption":"Service des communications et des relations publiques"},"url":"https:\/\/www.uqac.ca\/uqactualites\/author\/bap\/"}]}},"_links":{"self":[{"href":"https:\/\/www.uqac.ca\/uqactualites\/wp-json\/wp\/v2\/posts\/54239"}],"collection":[{"href":"https:\/\/www.uqac.ca\/uqactualites\/wp-json\/wp\/v2\/posts"}],"about":[{"href":"https:\/\/www.uqac.ca\/uqactualites\/wp-json\/wp\/v2\/types\/post"}],"author":[{"embeddable":true,"href":"https:\/\/www.uqac.ca\/uqactualites\/wp-json\/wp\/v2\/users\/5"}],"replies":[{"embeddable":true,"href":"https:\/\/www.uqac.ca\/uqactualites\/wp-json\/wp\/v2\/comments?post=54239"}],"version-history":[{"count":4,"href":"https:\/\/www.uqac.ca\/uqactualites\/wp-json\/wp\/v2\/posts\/54239\/revisions"}],"predecessor-version":[{"id":54245,"href":"https:\/\/www.uqac.ca\/uqactualites\/wp-json\/wp\/v2\/posts\/54239\/revisions\/54245"}],"wp:featuredmedia":[{"embeddable":true,"href":"https:\/\/www.uqac.ca\/uqactualites\/wp-json\/wp\/v2\/media\/54241"}],"wp:attachment":[{"href":"https:\/\/www.uqac.ca\/uqactualites\/wp-json\/wp\/v2\/media?parent=54239"}],"wp:term":[{"taxonomy":"category","embeddable":true,"href":"https:\/\/www.uqac.ca\/uqactualites\/wp-json\/wp\/v2\/categories?post=54239"},{"taxonomy":"post_tag","embeddable":true,"href":"https:\/\/www.uqac.ca\/uqactualites\/wp-json\/wp\/v2\/tags?post=54239"}],"curies":[{"name":"wp","href":"https:\/\/api.w.org\/{rel}","templated":true}]}}