{"id":54246,"date":"2026-04-08T14:47:13","date_gmt":"2026-04-08T18:47:13","guid":{"rendered":"https:\/\/www.uqac.ca\/uqactualites\/?p=54246"},"modified":"2026-04-10T11:16:46","modified_gmt":"2026-04-10T15:16:46","slug":"marie-claude-quessy-legare-une-gestionnaire-qui-avance-grace-au-savoir","status":"publish","type":"post","link":"https:\/\/www.uqac.ca\/uqactualites\/2026\/04\/08\/marie-claude-quessy-legare-une-gestionnaire-qui-avance-grace-au-savoir\/","title":{"rendered":"Marie-Claude Quessy-L\u00e9gar\u00e9 : une gestionnaire qui avance gr\u00e2ce au savoir"},"content":{"rendered":"<p>Marie-Claude Quessy-L\u00e9gar\u00e9 aime dire qu\u2019elle est \u00able fruit de l\u2019UQAC\u00bb, un fruit qui a m\u00fbri \u00e0 l\u2019UQAC au gr\u00e9 d\u2019une longue liste de formations! Apr\u00e8s avoir obtenu en 2019 un <a href=\"https:\/\/www.uqac.ca\/registraire\/diplomation\/baccalaureat-ou-maitrise-par-cumul\/#baccalaureat-par-cumul\" target=\"_blank\" rel=\"noopener\">baccalaur\u00e9at par cumul<\/a> de certificats et de mineurs, elle a poursuivi sur sa lanc\u00e9e avec une <a href=\"https:\/\/www.uqac.ca\/programme\/3755-maitrise-en-gestion-des-organisations\/\" target=\"_blank\" rel=\"noopener\">ma\u00eetrise en gestion des organisations<\/a>, compl\u00e9t\u00e9e en 2023. Comme la gestion de projets est ce qui l\u2019allume le plus, elle a ajout\u00e9 en 2025 un programme court en gestion de projet appliqu\u00e9e en entreprise. Elle met en action l\u2019expertise d\u00e9velopp\u00e9e \u00e0 l\u2019UQAC en \u00e9tant gestionnaire aux op\u00e9rations au <a href=\"https:\/\/www.cefrail.ca\/\" target=\"_blank\" rel=\"noopener\">Centre d\u2019expertise ferroviaire RAIL<\/a>.<\/p>\n<h4>L\u2019\u00e9volution d\u2019une gestionnaire<\/h4>\n<p>Le parcours postsecondaire de Marie-Claude Quessy-L\u00e9gar\u00e9 d\u00e9bute avec un dipl\u00f4me d\u2019\u00e9tudes coll\u00e9giales en techniques d\u2019int\u00e9gration multim\u00e9dia, au C\u00e9gep de Ste-Foy. Apr\u00e8s quelques ann\u00e9es \u00e0 habiter \u00e0 Qu\u00e9bec tout en \u00e9tudiant \u00e0 temps partiel \u00e0 l\u2019Universit\u00e9 Laval, Marie-Claude Quessy-L\u00e9gar\u00e9 revient dans sa r\u00e9gion natale, Sept-\u00celes. Elle occupe pendant sept ans le poste de directrice g\u00e9n\u00e9rale de la <a href=\"https:\/\/www.fondationsept-iles.qc.ca\/\" target=\"_blank\" rel=\"noopener\">Fondation r\u00e9gionale H\u00f4pital Sept-\u00celes<\/a>, un organisme de bienfaisance bien ancr\u00e9 dans la r\u00e9gion. \u00c0 Sept-\u00celes, elle peut poursuivre son parcours dans sa r\u00e9gion, gr\u00e2ce au <a href=\"https:\/\/www.uqac.ca\/sept-iles\/\" target=\"_blank\" rel=\"noopener\">Centre d\u2019\u00e9tudes universitaires de l\u2019est de la C\u00f4te-Nord<\/a>, le campus de l\u2019UQAC situ\u00e9 \u00e0 Sept-\u00celes. Elle y encha\u00eene les certificats offerts : <a href=\"https:\/\/www.uqac.ca\/programme\/4209-certificat-en-gestion-des-ressources-humaines\/\" target=\"_blank\" rel=\"noopener\">gestion des ressources humaines<\/a>, <a href=\"https:\/\/www.uqac.ca\/programme\/4350-certificat-en-psychologie\/\" target=\"_blank\" rel=\"noopener\">psychologie organisationnelle<\/a>, et enfin <a href=\"https:\/\/www.uqac.ca\/programme\/4122-certificat-en-administration\/\" target=\"_blank\" rel=\"noopener\">administration<\/a>. Ces trois certificats du d\u00e9partement des sciences \u00e9conomiques et administratives lui permettent d\u2019obtenir un baccalaur\u00e9at par cumul.<\/p>\n<p>D\u00e9sireuse de relever de nouveaux d\u00e9fis, Marie-Claude Quessy-L\u00e9gar\u00e9 devient ensuite sp\u00e9cialiste en proc\u00e9d\u00e9s administratifs au Centre int\u00e9gr\u00e9 de sant\u00e9 et de services sociaux (CIUSSS) de la C\u00f4te-Nord. Parall\u00e8lement, elle est \u00e9lue par acclamation comme conseill\u00e8re municipale \u00e0 la Ville de Sept-\u00celes. L\u2019ouverture d\u2019un poste de sp\u00e9cialiste en proc\u00e9d\u00e9s administratifs au CIUSSS, combin\u00e9e au contexte pand\u00e9mique, marque une opportunit\u00e9 : elle est appel\u00e9e \u00e0 occuper des fonctions de direction, comme responsable du d\u00e9pistage, puis comme directrice de la vaccination. Jusqu\u2019\u00e0 la fin de son mandat, elle coordonne cinq campagnes de vaccination, le tout en poursuivant une ma\u00eetrise en gestion des organisations, un d\u00e9fi qu\u2019elle rel\u00e8ve avec d\u00e9termination.<\/p>\n<p>Depuis 2023, Marie-Claude Quessy-L\u00e9gar\u00e9 occupe le poste de gestionnaire aux op\u00e9rations, bras droit de la direction g\u00e9n\u00e9rale, au Centre d\u2019expertise ferroviaire RAIL. Unit\u00e9 de recherche affili\u00e9e au C\u00e9gep de Sept-\u00celes et reconnue comme centre d\u2019acc\u00e8s \u00e0 la technologie, ce centre soutient le d\u00e9veloppement et la comp\u00e9titivit\u00e9 des entreprises du secteur ferroviaire gr\u00e2ce \u00e0 l\u2019innovation technologique, \u00e0 la formation et \u00e0 une offre de services techniques sp\u00e9cialis\u00e9s.<\/p>\n<p>C\u2019est son int\u00e9r\u00eat marqu\u00e9 pour la gestion de projet qui a men\u00e9 Marie-Claude Quessy-L\u00e9gar\u00e9 \u00e0 s\u2019inscrire au programme court en gestion de projets appliqu\u00e9s en entreprise. Le programme court, de premier cycle, ne comblait pas enti\u00e8rement sa soif d\u2019approfondissement. Port\u00e9e par son envie constante d\u2019apprendre, elle est aujourd\u2019hui inscrite au doctorat en management de projet, curieuse de d\u00e9couvrir ce que cette formation avanc\u00e9e peut lui apporter. En parall\u00e8le, elle transmet d\u00e9j\u00e0 son expertise\u202f: elle enseigne \u00e0 la formation continue de l\u2019UQAC, o\u00f9 elle offre une introduction \u00e0 la gestion de projet.<\/p>\n<h4>L\u2019importance de l\u2019UQAC \u00e0 Sept-\u00celes<\/h4>\n<p>En devenant titulaire d\u2019une ma\u00eetrise en gestion des organisations, programme offert \u00e0 Sept-\u00celes, Marie-Claude Quessy-L\u00e9gar\u00e9 peut progresser vers des r\u00f4les plus strat\u00e9giques impliquant un pouvoir d\u00e9cisionnel et une influence sur la strat\u00e9gie de l\u2019organisation. C\u2019est d\u2019ailleurs pour mettre \u00e0 profit les connaissances acquises \u00e0 l\u2019UQAC durant sa ma\u00eetrise qu\u2019elle a rejoint le Centre d\u2019expertise ferroviaire RAIL. \u00abJe pense que la ma\u00eetrise en gestion des organisations est vraiment tr\u00e8s formatrice. Je vois que mes connaissances, mes comp\u00e9tences et mon exp\u00e9rience apportent beaucoup \u00e0 l&rsquo;organisation [o\u00f9 je travaille], surtout dans une petite organisation o\u00f9 je suis en ce moment, o\u00f9 on n&rsquo;est pas beaucoup, on a beaucoup de d\u00e9fis. On a une croissance tr\u00e8s rapide aussi. Donc, \u00e7a vient vraiment consolider mon r\u00f4le dans l&rsquo;organisation\u00bb, explique-t-elle. De plus, elle a pr\u00e9sent\u00e9 ses travaux de ma\u00eetrise portant sur <a href=\"https:\/\/www.acfas.ca\/archives\/evenements\/congres\/activites\/71670\" target=\"_blank\" rel=\"noopener\">l\u2019application de la cartographie cognitive \u00e0 l\u2019analyse post-mortem de projets complexes ou multiples au congr\u00e8s de l\u2019Acfas en 2023<\/a>. Pr\u00e9parer une telle communication exige des habilet\u00e9s de synth\u00e8se et de vulgarisation, qu\u2019elle mobilise encore aujourd\u2019hui dans son enseignement \u00e0 la formation continue de l\u2019UQAC.<\/p>\n<p>Lorsqu\u2019elle compl\u00e9tait son programme court, elle appr\u00e9ciait particuli\u00e8rement les modalit\u00e9s \u00e0 distance et les cours asynchrones. Cette flexibilit\u00e9 lui correspondait parfaitement: \u00abToutes les modalit\u00e9s de cours qui me sont offertes par l\u2019UQAC, \u00e7a me convient bien! \u00c7a m\u2019a amen\u00e9e \u00e0 m\u2019inscrire au doctorat aussi, \u00e0 confirmer mon int\u00e9r\u00eat.\u00bb M\u00eame pour son doctorat actuel, elle n\u2019a pas \u00e0 se d\u00e9placer jusqu\u2019\u00e0 Chicoutimi, \u00e0 six heures de route. Elle valorise ces accommodements \u00e0 distance, qu\u2019elle juge pleinement adapt\u00e9s aux r\u00e9alit\u00e9s d\u2019aujourd\u2019hui. Marie\u2011Claude Quessy-L\u00e9gar\u00e9 n\u2019est pas seulement ambassadrice de l\u2019UQAC: elle est surtout ambassadrice du campus de Sept\u2011\u00celes!<\/p>\n<p>\u00c0 l\u2019UQAC, elle a rencontr\u00e9 plusieurs professeurs avec qui elle a d\u00e9velopp\u00e9 une r\u00e9elle proximit\u00e9. Elle s\u2019int\u00e9resse d\u2019ailleurs de plus en plus \u00e0 la collaboration en recherche; comme la recherche constitue l\u2019un des piliers du centre d\u2019acc\u00e8s \u00e0 la technologie o\u00f9 elle travaille, elle imagine tr\u00e8s bien des projets conjoints avec l\u2019UQAC. Pour elle, la force du campus de Sept\u2011\u00celes r\u00e9side dans cette proximit\u00e9: un milieu plus petit que Chicoutimi, mais dynamique, accessible et profond\u00e9ment ancr\u00e9 dans sa communaut\u00e9. L\u2019UQAC a de quoi \u00eatre fi\u00e8re de ce que repr\u00e9sente ce campus pour les gens de Sept-\u00celes. Marie\u2011Claude Quessy-L\u00e9gar\u00e9 en a beaucoup profit\u00e9, et continue d\u2019en profiter! Pour elle, le campus de Sept-\u00celes joue un r\u00f4le d\u00e9terminant dans l\u2019acc\u00e8s \u00e0 la formation universitaire en r\u00e9gion \u00e9loign\u00e9e. Il refl\u00e8te pleinement la mission de l\u2019UQAC: offrir une universit\u00e9 de proximit\u00e9, solidement ancr\u00e9e dans son milieu et tourn\u00e9e vers l\u2019avenir!<\/p>\n","protected":false},"excerpt":{"rendered":"<p>Marie-Claude Quessy-L\u00e9gar\u00e9 aime dire qu\u2019elle est \u00able fruit de l\u2019UQAC\u00bb, un fruit qui a m\u00fbri \u00e0 l\u2019UQAC au gr\u00e9 d\u2019une longue liste de formations! Apr\u00e8s avoir obtenu en 2019 un baccalaur\u00e9at par cumul de certificats et de mineurs, elle a poursuivi sur sa lanc\u00e9e avec une ma\u00eetrise en gestion des organisations, compl\u00e9t\u00e9e en 2023. Comme [&hellip;]<\/p>\n","protected":false},"author":5,"featured_media":54247,"comment_status":"closed","ping_status":"open","sticky":false,"template":"","format":"standard","meta":{"footnotes":""},"categories":[2847],"tags":[2704,465,8],"yoast_head":"<!-- This site is optimized with the Yoast SEO plugin v24.2 - https:\/\/yoast.com\/wordpress\/plugins\/seo\/ -->\r\n<title>Marie-Claude Quessy-L\u00e9gar\u00e9 : une gestionnaire qui avance gr\u00e2ce au savoir - UQACtualit\u00e9s<\/title>\r\n<meta name=\"robots\" content=\"index, follow, max-snippet:-1, max-image-preview:large, max-video-preview:-1\" \/>\r\n<link rel=\"canonical\" href=\"https:\/\/www.uqac.ca\/uqactualites\/2026\/04\/08\/marie-claude-quessy-legare-une-gestionnaire-qui-avance-grace-au-savoir\/\" \/>\r\n<meta property=\"og:locale\" content=\"fr_CA\" \/>\r\n<meta property=\"og:type\" content=\"article\" \/>\r\n<meta property=\"og:title\" content=\"Marie-Claude Quessy-L\u00e9gar\u00e9 : une gestionnaire qui avance gr\u00e2ce au savoir - UQACtualit\u00e9s\" \/>\r\n<meta property=\"og:description\" content=\"Marie-Claude Quessy-L\u00e9gar\u00e9 aime dire qu\u2019elle est \u00able fruit de l\u2019UQAC\u00bb, un fruit qui a m\u00fbri \u00e0 l\u2019UQAC au gr\u00e9 d\u2019une longue liste de formations! Apr\u00e8s avoir obtenu en 2019 un baccalaur\u00e9at par cumul de certificats et de mineurs, elle a poursuivi sur sa lanc\u00e9e avec une ma\u00eetrise en gestion des organisations, compl\u00e9t\u00e9e en 2023. Comme [&hellip;]\" \/>\r\n<meta property=\"og:url\" content=\"https:\/\/www.uqac.ca\/uqactualites\/2026\/04\/08\/marie-claude-quessy-legare-une-gestionnaire-qui-avance-grace-au-savoir\/\" \/>\r\n<meta property=\"og:site_name\" content=\"UQACtualit\u00e9s\" \/>\r\n<meta property=\"article:published_time\" content=\"2026-04-08T18:47:13+00:00\" \/>\r\n<meta property=\"article:modified_time\" content=\"2026-04-10T15:16:46+00:00\" \/>\r\n<meta property=\"og:image\" content=\"https:\/\/www.uqac.ca\/uqactualites\/wp-content\/uploads\/2026\/04\/NUM_AmbassadeursH26_Uqctualite1920X1080-MarieClaudeQuessyLegare.jpg\" \/>\r\n\t<meta property=\"og:image:width\" content=\"1920\" \/>\r\n\t<meta property=\"og:image:height\" content=\"1080\" \/>\r\n\t<meta property=\"og:image:type\" content=\"image\/jpeg\" \/>\r\n<meta name=\"author\" content=\"Service des communications et des relations publiques\" \/>\r\n<meta name=\"twitter:card\" content=\"summary_large_image\" \/>\r\n<meta name=\"twitter:label1\" content=\"\u00c9crit par\" \/>\n\t<meta name=\"twitter:data1\" content=\"Service des communications et des relations publiques\" \/>\n\t<meta name=\"twitter:label2\" content=\"Estimation du temps de lecture\" \/>\n\t<meta name=\"twitter:data2\" content=\"5 minutes\" \/>\r\n<script type=\"application\/ld+json\" class=\"yoast-schema-graph\">{\"@context\":\"https:\/\/schema.org\",\"@graph\":[{\"@type\":\"WebPage\",\"@id\":\"https:\/\/www.uqac.ca\/uqactualites\/2026\/04\/08\/marie-claude-quessy-legare-une-gestionnaire-qui-avance-grace-au-savoir\/\",\"url\":\"https:\/\/www.uqac.ca\/uqactualites\/2026\/04\/08\/marie-claude-quessy-legare-une-gestionnaire-qui-avance-grace-au-savoir\/\",\"name\":\"Marie-Claude Quessy-L\u00e9gar\u00e9 : une gestionnaire qui avance gr\u00e2ce au savoir - UQACtualit\u00e9s\",\"isPartOf\":{\"@id\":\"https:\/\/www.uqac.ca\/uqactualites\/#website\"},\"primaryImageOfPage\":{\"@id\":\"https:\/\/www.uqac.ca\/uqactualites\/2026\/04\/08\/marie-claude-quessy-legare-une-gestionnaire-qui-avance-grace-au-savoir\/#primaryimage\"},\"image\":{\"@id\":\"https:\/\/www.uqac.ca\/uqactualites\/2026\/04\/08\/marie-claude-quessy-legare-une-gestionnaire-qui-avance-grace-au-savoir\/#primaryimage\"},\"thumbnailUrl\":\"https:\/\/www.uqac.ca\/uqactualites\/wp-content\/uploads\/2026\/04\/NUM_AmbassadeursH26_Uqctualite1920X1080-MarieClaudeQuessyLegare.jpg\",\"datePublished\":\"2026-04-08T18:47:13+00:00\",\"dateModified\":\"2026-04-10T15:16:46+00:00\",\"author\":{\"@id\":\"https:\/\/www.uqac.ca\/uqactualites\/#\/schema\/person\/366c45a0c4f0e677b41b4af5886e2018\"},\"breadcrumb\":{\"@id\":\"https:\/\/www.uqac.ca\/uqactualites\/2026\/04\/08\/marie-claude-quessy-legare-une-gestionnaire-qui-avance-grace-au-savoir\/#breadcrumb\"},\"inLanguage\":\"fr-CA\",\"potentialAction\":[{\"@type\":\"ReadAction\",\"target\":[\"https:\/\/www.uqac.ca\/uqactualites\/2026\/04\/08\/marie-claude-quessy-legare-une-gestionnaire-qui-avance-grace-au-savoir\/\"]}]},{\"@type\":\"ImageObject\",\"inLanguage\":\"fr-CA\",\"@id\":\"https:\/\/www.uqac.ca\/uqactualites\/2026\/04\/08\/marie-claude-quessy-legare-une-gestionnaire-qui-avance-grace-au-savoir\/#primaryimage\",\"url\":\"https:\/\/www.uqac.ca\/uqactualites\/wp-content\/uploads\/2026\/04\/NUM_AmbassadeursH26_Uqctualite1920X1080-MarieClaudeQuessyLegare.jpg\",\"contentUrl\":\"https:\/\/www.uqac.ca\/uqactualites\/wp-content\/uploads\/2026\/04\/NUM_AmbassadeursH26_Uqctualite1920X1080-MarieClaudeQuessyLegare.jpg\",\"width\":1920,\"height\":1080},{\"@type\":\"BreadcrumbList\",\"@id\":\"https:\/\/www.uqac.ca\/uqactualites\/2026\/04\/08\/marie-claude-quessy-legare-une-gestionnaire-qui-avance-grace-au-savoir\/#breadcrumb\",\"itemListElement\":[{\"@type\":\"ListItem\",\"position\":1,\"name\":\"Home\",\"item\":\"https:\/\/www.uqac.ca\/uqactualites\/\"},{\"@type\":\"ListItem\",\"position\":2,\"name\":\"Marie-Claude Quessy-L\u00e9gar\u00e9 : une gestionnaire qui avance gr\u00e2ce au savoir\"}]},{\"@type\":\"WebSite\",\"@id\":\"https:\/\/www.uqac.ca\/uqactualites\/#website\",\"url\":\"https:\/\/www.uqac.ca\/uqactualites\/\",\"name\":\"UQACtualit\u00e9s\",\"description\":\"Le portail des nouvelles de l&#039;UQAC\",\"potentialAction\":[{\"@type\":\"SearchAction\",\"target\":{\"@type\":\"EntryPoint\",\"urlTemplate\":\"https:\/\/www.uqac.ca\/uqactualites\/?s={search_term_string}\"},\"query-input\":{\"@type\":\"PropertyValueSpecification\",\"valueRequired\":true,\"valueName\":\"search_term_string\"}}],\"inLanguage\":\"fr-CA\"},{\"@type\":\"Person\",\"@id\":\"https:\/\/www.uqac.ca\/uqactualites\/#\/schema\/person\/366c45a0c4f0e677b41b4af5886e2018\",\"name\":\"Service des communications et des relations publiques\",\"image\":{\"@type\":\"ImageObject\",\"inLanguage\":\"fr-CA\",\"@id\":\"https:\/\/www.uqac.ca\/uqactualites\/#\/schema\/person\/image\/\",\"url\":\"https:\/\/secure.gravatar.com\/avatar\/20fbbda8a292f59f2d3461a5b999c00b?s=96&d=mm&r=g\",\"contentUrl\":\"https:\/\/secure.gravatar.com\/avatar\/20fbbda8a292f59f2d3461a5b999c00b?s=96&d=mm&r=g\",\"caption\":\"Service des communications et des relations publiques\"},\"url\":\"https:\/\/www.uqac.ca\/uqactualites\/author\/bap\/\"}]}<\/script>\r\n<!-- \/ Yoast SEO plugin. -->","yoast_head_json":{"title":"Marie-Claude Quessy-L\u00e9gar\u00e9 : une gestionnaire qui avance gr\u00e2ce au savoir - UQACtualit\u00e9s","robots":{"index":"index","follow":"follow","max-snippet":"max-snippet:-1","max-image-preview":"max-image-preview:large","max-video-preview":"max-video-preview:-1"},"canonical":"https:\/\/www.uqac.ca\/uqactualites\/2026\/04\/08\/marie-claude-quessy-legare-une-gestionnaire-qui-avance-grace-au-savoir\/","og_locale":"fr_CA","og_type":"article","og_title":"Marie-Claude Quessy-L\u00e9gar\u00e9 : une gestionnaire qui avance gr\u00e2ce au savoir - UQACtualit\u00e9s","og_description":"Marie-Claude Quessy-L\u00e9gar\u00e9 aime dire qu\u2019elle est \u00able fruit de l\u2019UQAC\u00bb, un fruit qui a m\u00fbri \u00e0 l\u2019UQAC au gr\u00e9 d\u2019une longue liste de formations! Apr\u00e8s avoir obtenu en 2019 un baccalaur\u00e9at par cumul de certificats et de mineurs, elle a poursuivi sur sa lanc\u00e9e avec une ma\u00eetrise en gestion des organisations, compl\u00e9t\u00e9e en 2023. Comme [&hellip;]","og_url":"https:\/\/www.uqac.ca\/uqactualites\/2026\/04\/08\/marie-claude-quessy-legare-une-gestionnaire-qui-avance-grace-au-savoir\/","og_site_name":"UQACtualit\u00e9s","article_published_time":"2026-04-08T18:47:13+00:00","article_modified_time":"2026-04-10T15:16:46+00:00","og_image":[{"width":1920,"height":1080,"url":"https:\/\/www.uqac.ca\/uqactualites\/wp-content\/uploads\/2026\/04\/NUM_AmbassadeursH26_Uqctualite1920X1080-MarieClaudeQuessyLegare.jpg","type":"image\/jpeg"}],"author":"Service des communications et des relations publiques","twitter_card":"summary_large_image","twitter_misc":{"\u00c9crit par":"Service des communications et des relations publiques","Estimation du temps de lecture":"5 minutes"},"schema":{"@context":"https:\/\/schema.org","@graph":[{"@type":"WebPage","@id":"https:\/\/www.uqac.ca\/uqactualites\/2026\/04\/08\/marie-claude-quessy-legare-une-gestionnaire-qui-avance-grace-au-savoir\/","url":"https:\/\/www.uqac.ca\/uqactualites\/2026\/04\/08\/marie-claude-quessy-legare-une-gestionnaire-qui-avance-grace-au-savoir\/","name":"Marie-Claude Quessy-L\u00e9gar\u00e9 : une gestionnaire qui avance gr\u00e2ce au savoir - UQACtualit\u00e9s","isPartOf":{"@id":"https:\/\/www.uqac.ca\/uqactualites\/#website"},"primaryImageOfPage":{"@id":"https:\/\/www.uqac.ca\/uqactualites\/2026\/04\/08\/marie-claude-quessy-legare-une-gestionnaire-qui-avance-grace-au-savoir\/#primaryimage"},"image":{"@id":"https:\/\/www.uqac.ca\/uqactualites\/2026\/04\/08\/marie-claude-quessy-legare-une-gestionnaire-qui-avance-grace-au-savoir\/#primaryimage"},"thumbnailUrl":"https:\/\/www.uqac.ca\/uqactualites\/wp-content\/uploads\/2026\/04\/NUM_AmbassadeursH26_Uqctualite1920X1080-MarieClaudeQuessyLegare.jpg","datePublished":"2026-04-08T18:47:13+00:00","dateModified":"2026-04-10T15:16:46+00:00","author":{"@id":"https:\/\/www.uqac.ca\/uqactualites\/#\/schema\/person\/366c45a0c4f0e677b41b4af5886e2018"},"breadcrumb":{"@id":"https:\/\/www.uqac.ca\/uqactualites\/2026\/04\/08\/marie-claude-quessy-legare-une-gestionnaire-qui-avance-grace-au-savoir\/#breadcrumb"},"inLanguage":"fr-CA","potentialAction":[{"@type":"ReadAction","target":["https:\/\/www.uqac.ca\/uqactualites\/2026\/04\/08\/marie-claude-quessy-legare-une-gestionnaire-qui-avance-grace-au-savoir\/"]}]},{"@type":"ImageObject","inLanguage":"fr-CA","@id":"https:\/\/www.uqac.ca\/uqactualites\/2026\/04\/08\/marie-claude-quessy-legare-une-gestionnaire-qui-avance-grace-au-savoir\/#primaryimage","url":"https:\/\/www.uqac.ca\/uqactualites\/wp-content\/uploads\/2026\/04\/NUM_AmbassadeursH26_Uqctualite1920X1080-MarieClaudeQuessyLegare.jpg","contentUrl":"https:\/\/www.uqac.ca\/uqactualites\/wp-content\/uploads\/2026\/04\/NUM_AmbassadeursH26_Uqctualite1920X1080-MarieClaudeQuessyLegare.jpg","width":1920,"height":1080},{"@type":"BreadcrumbList","@id":"https:\/\/www.uqac.ca\/uqactualites\/2026\/04\/08\/marie-claude-quessy-legare-une-gestionnaire-qui-avance-grace-au-savoir\/#breadcrumb","itemListElement":[{"@type":"ListItem","position":1,"name":"Home","item":"https:\/\/www.uqac.ca\/uqactualites\/"},{"@type":"ListItem","position":2,"name":"Marie-Claude Quessy-L\u00e9gar\u00e9 : une gestionnaire qui avance gr\u00e2ce au savoir"}]},{"@type":"WebSite","@id":"https:\/\/www.uqac.ca\/uqactualites\/#website","url":"https:\/\/www.uqac.ca\/uqactualites\/","name":"UQACtualit\u00e9s","description":"Le portail des nouvelles de l&#039;UQAC","potentialAction":[{"@type":"SearchAction","target":{"@type":"EntryPoint","urlTemplate":"https:\/\/www.uqac.ca\/uqactualites\/?s={search_term_string}"},"query-input":{"@type":"PropertyValueSpecification","valueRequired":true,"valueName":"search_term_string"}}],"inLanguage":"fr-CA"},{"@type":"Person","@id":"https:\/\/www.uqac.ca\/uqactualites\/#\/schema\/person\/366c45a0c4f0e677b41b4af5886e2018","name":"Service des communications et des relations publiques","image":{"@type":"ImageObject","inLanguage":"fr-CA","@id":"https:\/\/www.uqac.ca\/uqactualites\/#\/schema\/person\/image\/","url":"https:\/\/secure.gravatar.com\/avatar\/20fbbda8a292f59f2d3461a5b999c00b?s=96&d=mm&r=g","contentUrl":"https:\/\/secure.gravatar.com\/avatar\/20fbbda8a292f59f2d3461a5b999c00b?s=96&d=mm&r=g","caption":"Service des communications et des relations publiques"},"url":"https:\/\/www.uqac.ca\/uqactualites\/author\/bap\/"}]}},"_links":{"self":[{"href":"https:\/\/www.uqac.ca\/uqactualites\/wp-json\/wp\/v2\/posts\/54246"}],"collection":[{"href":"https:\/\/www.uqac.ca\/uqactualites\/wp-json\/wp\/v2\/posts"}],"about":[{"href":"https:\/\/www.uqac.ca\/uqactualites\/wp-json\/wp\/v2\/types\/post"}],"author":[{"embeddable":true,"href":"https:\/\/www.uqac.ca\/uqactualites\/wp-json\/wp\/v2\/users\/5"}],"replies":[{"embeddable":true,"href":"https:\/\/www.uqac.ca\/uqactualites\/wp-json\/wp\/v2\/comments?post=54246"}],"version-history":[{"count":4,"href":"https:\/\/www.uqac.ca\/uqactualites\/wp-json\/wp\/v2\/posts\/54246\/revisions"}],"predecessor-version":[{"id":54307,"href":"https:\/\/www.uqac.ca\/uqactualites\/wp-json\/wp\/v2\/posts\/54246\/revisions\/54307"}],"wp:featuredmedia":[{"embeddable":true,"href":"https:\/\/www.uqac.ca\/uqactualites\/wp-json\/wp\/v2\/media\/54247"}],"wp:attachment":[{"href":"https:\/\/www.uqac.ca\/uqactualites\/wp-json\/wp\/v2\/media?parent=54246"}],"wp:term":[{"taxonomy":"category","embeddable":true,"href":"https:\/\/www.uqac.ca\/uqactualites\/wp-json\/wp\/v2\/categories?post=54246"},{"taxonomy":"post_tag","embeddable":true,"href":"https:\/\/www.uqac.ca\/uqactualites\/wp-json\/wp\/v2\/tags?post=54246"}],"curies":[{"name":"wp","href":"https:\/\/api.w.org\/{rel}","templated":true}]}}