{"id":54407,"date":"2026-04-16T08:00:37","date_gmt":"2026-04-16T12:00:37","guid":{"rendered":"https:\/\/www.uqac.ca\/uqactualites\/?p=54407"},"modified":"2026-04-16T08:51:31","modified_gmt":"2026-04-16T12:51:31","slug":"un-etudiant-a-la-maitrise-en-etudes-et-interventions-regionales-remporte-le-prix-jean-marie-fecteau","status":"publish","type":"post","link":"https:\/\/www.uqac.ca\/uqactualites\/2026\/04\/16\/un-etudiant-a-la-maitrise-en-etudes-et-interventions-regionales-remporte-le-prix-jean-marie-fecteau\/","title":{"rendered":"Un \u00e9tudiant \u00e0 la ma\u00eetrise en \u00e9tudes et interventions r\u00e9gionales remporte le prix Jean-Marie-Fecteau"},"content":{"rendered":"<p>L\u2019\u00e9tudiant \u00e0 la <a href=\"https:\/\/www.uqac.ca\/programme\/3593-m-en-etudes-et-interventions-regionales\/\" target=\"_blank\" rel=\"noopener\">ma\u00eetrise en \u00e9tudes et interventions r\u00e9gionales<\/a>, Guison Celestin, a remport\u00e9 l\u2019un des trois prix Jean-Marie-Fecteau du <a href=\"https:\/\/crises.uqam.ca\/\" target=\"_blank\" rel=\"noopener\">Centre de recherche sur les innovations sociales (CRISES)<\/a> le 1er avril dernier.<\/p>\n<p>Cr\u00e9\u00e9 en 2013, le prix Jean\u2011Marie Fecteau est remis chaque ann\u00e9e \u00e0 l\u2019occasion du <em>colloque \u00e9tudiant des cycles sup\u00e9rieurs du CRISES<\/em>. Il vise \u00e0 reconna\u00eetre l\u2019excellence de textes scientifiques r\u00e9dig\u00e9s par des \u00e9tudiantes et \u00e9tudiants membres du centre. Cette distinction rev\u00eat une signification toute particuli\u00e8re cette ann\u00e9e, alors que le CRISES c\u00e9l\u00e8bre son 40\u1d49 anniversaire.<\/p>\n<p>Guison Celestin s&rsquo;est vu d\u00e9cerner ce prix, accompagn\u00e9 d\u2019une bourse de 700$, lors du 25<sup>e <\/sup>colloque \u00e9tudiant organis\u00e9 \u00e0 l\u2019Universit\u00e9 Laval pour son texte intitul\u00e9 \u00ab<em>Innovation sociale transformatrice et contre-espaces en contexte de polycrise : La Caisse Populaire Sainte-Anne de Camp-Perrin (CAPOSAC) en Ha\u00efti comme infrastructure territoriale de reconfiguration du d\u00e9veloppement local<\/em>\u00bb. Ses travaux sont r\u00e9alis\u00e9s sous la direction de la professeure <a href=\"https:\/\/portfolio.uqac.ca\/sabrinatremblay\/\" target=\"_blank\" rel=\"noopener\">Sabrina Tremblay<\/a> et la codirection de la professeure Suzanne Tremblay.<\/p>\n<p>F\u00e9licitations \u00e0 Guison Celestin pour cet accomplissement, qui t\u00e9moigne de la qualit\u00e9 des apprentissages et des travaux r\u00e9alis\u00e9s dans le cadre de la formation de cycles sup\u00e9rieurs en \u00e9tudes et interventions r\u00e9gionales.<\/p>\n","protected":false},"excerpt":{"rendered":"<p>L\u2019\u00e9tudiant \u00e0 la ma\u00eetrise en \u00e9tudes et interventions r\u00e9gionales, Guison Celestin, a remport\u00e9 l\u2019un des trois prix Jean-Marie-Fecteau du Centre de recherche sur les innovations sociales (CRISES) le 1er avril dernier. Cr\u00e9\u00e9 en 2013, le prix Jean\u2011Marie Fecteau est remis chaque ann\u00e9e \u00e0 l\u2019occasion du colloque \u00e9tudiant des cycles sup\u00e9rieurs du CRISES. Il vise \u00e0 [&hellip;]<\/p>\n","protected":false},"author":5,"featured_media":54409,"comment_status":"closed","ping_status":"open","sticky":false,"template":"","format":"standard","meta":{"footnotes":""},"categories":[2795,2,2854,9,4],"tags":[22,386,2950],"yoast_head":"<!-- This site is optimized with the Yoast SEO plugin v24.2 - https:\/\/yoast.com\/wordpress\/plugins\/seo\/ -->\r\n<title>Un \u00e9tudiant \u00e0 la ma\u00eetrise en \u00e9tudes et interventions r\u00e9gionales remporte le prix Jean-Marie-Fecteau - UQACtualit\u00e9s<\/title>\r\n<meta name=\"robots\" content=\"index, follow, max-snippet:-1, max-image-preview:large, max-video-preview:-1\" \/>\r\n<link rel=\"canonical\" href=\"https:\/\/www.uqac.ca\/uqactualites\/2026\/04\/16\/un-etudiant-a-la-maitrise-en-etudes-et-interventions-regionales-remporte-le-prix-jean-marie-fecteau\/\" \/>\r\n<meta property=\"og:locale\" content=\"fr_CA\" \/>\r\n<meta property=\"og:type\" content=\"article\" \/>\r\n<meta property=\"og:title\" content=\"Un \u00e9tudiant \u00e0 la ma\u00eetrise en \u00e9tudes et interventions r\u00e9gionales remporte le prix Jean-Marie-Fecteau - UQACtualit\u00e9s\" \/>\r\n<meta property=\"og:description\" content=\"L\u2019\u00e9tudiant \u00e0 la ma\u00eetrise en \u00e9tudes et interventions r\u00e9gionales, Guison Celestin, a remport\u00e9 l\u2019un des trois prix Jean-Marie-Fecteau du Centre de recherche sur les innovations sociales (CRISES) le 1er avril dernier. Cr\u00e9\u00e9 en 2013, le prix Jean\u2011Marie Fecteau est remis chaque ann\u00e9e \u00e0 l\u2019occasion du colloque \u00e9tudiant des cycles sup\u00e9rieurs du CRISES. Il vise \u00e0 [&hellip;]\" \/>\r\n<meta property=\"og:url\" content=\"https:\/\/www.uqac.ca\/uqactualites\/2026\/04\/16\/un-etudiant-a-la-maitrise-en-etudes-et-interventions-regionales-remporte-le-prix-jean-marie-fecteau\/\" \/>\r\n<meta property=\"og:site_name\" content=\"UQACtualit\u00e9s\" \/>\r\n<meta property=\"article:published_time\" content=\"2026-04-16T12:00:37+00:00\" \/>\r\n<meta property=\"article:modified_time\" content=\"2026-04-16T12:51:31+00:00\" \/>\r\n<meta property=\"og:image\" content=\"https:\/\/www.uqac.ca\/uqactualites\/wp-content\/uploads\/2026\/04\/A-la-une-UQACtualite-37.png\" \/>\r\n\t<meta property=\"og:image:width\" content=\"1920\" \/>\r\n\t<meta property=\"og:image:height\" content=\"1080\" \/>\r\n\t<meta property=\"og:image:type\" content=\"image\/png\" \/>\r\n<meta name=\"author\" content=\"Service des communications et des relations publiques\" \/>\r\n<meta name=\"twitter:card\" content=\"summary_large_image\" \/>\r\n<meta name=\"twitter:label1\" content=\"\u00c9crit par\" \/>\n\t<meta name=\"twitter:data1\" content=\"Service des communications et des relations publiques\" \/>\n\t<meta name=\"twitter:label2\" content=\"Estimation du temps de lecture\" \/>\n\t<meta name=\"twitter:data2\" content=\"2 minutes\" \/>\r\n<script type=\"application\/ld+json\" class=\"yoast-schema-graph\">{\"@context\":\"https:\/\/schema.org\",\"@graph\":[{\"@type\":\"WebPage\",\"@id\":\"https:\/\/www.uqac.ca\/uqactualites\/2026\/04\/16\/un-etudiant-a-la-maitrise-en-etudes-et-interventions-regionales-remporte-le-prix-jean-marie-fecteau\/\",\"url\":\"https:\/\/www.uqac.ca\/uqactualites\/2026\/04\/16\/un-etudiant-a-la-maitrise-en-etudes-et-interventions-regionales-remporte-le-prix-jean-marie-fecteau\/\",\"name\":\"Un \u00e9tudiant \u00e0 la ma\u00eetrise en \u00e9tudes et interventions r\u00e9gionales remporte le prix Jean-Marie-Fecteau - UQACtualit\u00e9s\",\"isPartOf\":{\"@id\":\"https:\/\/www.uqac.ca\/uqactualites\/#website\"},\"primaryImageOfPage\":{\"@id\":\"https:\/\/www.uqac.ca\/uqactualites\/2026\/04\/16\/un-etudiant-a-la-maitrise-en-etudes-et-interventions-regionales-remporte-le-prix-jean-marie-fecteau\/#primaryimage\"},\"image\":{\"@id\":\"https:\/\/www.uqac.ca\/uqactualites\/2026\/04\/16\/un-etudiant-a-la-maitrise-en-etudes-et-interventions-regionales-remporte-le-prix-jean-marie-fecteau\/#primaryimage\"},\"thumbnailUrl\":\"https:\/\/www.uqac.ca\/uqactualites\/wp-content\/uploads\/2026\/04\/A-la-une-UQACtualite-37.png\",\"datePublished\":\"2026-04-16T12:00:37+00:00\",\"dateModified\":\"2026-04-16T12:51:31+00:00\",\"author\":{\"@id\":\"https:\/\/www.uqac.ca\/uqactualites\/#\/schema\/person\/366c45a0c4f0e677b41b4af5886e2018\"},\"breadcrumb\":{\"@id\":\"https:\/\/www.uqac.ca\/uqactualites\/2026\/04\/16\/un-etudiant-a-la-maitrise-en-etudes-et-interventions-regionales-remporte-le-prix-jean-marie-fecteau\/#breadcrumb\"},\"inLanguage\":\"fr-CA\",\"potentialAction\":[{\"@type\":\"ReadAction\",\"target\":[\"https:\/\/www.uqac.ca\/uqactualites\/2026\/04\/16\/un-etudiant-a-la-maitrise-en-etudes-et-interventions-regionales-remporte-le-prix-jean-marie-fecteau\/\"]}]},{\"@type\":\"ImageObject\",\"inLanguage\":\"fr-CA\",\"@id\":\"https:\/\/www.uqac.ca\/uqactualites\/2026\/04\/16\/un-etudiant-a-la-maitrise-en-etudes-et-interventions-regionales-remporte-le-prix-jean-marie-fecteau\/#primaryimage\",\"url\":\"https:\/\/www.uqac.ca\/uqactualites\/wp-content\/uploads\/2026\/04\/A-la-une-UQACtualite-37.png\",\"contentUrl\":\"https:\/\/www.uqac.ca\/uqactualites\/wp-content\/uploads\/2026\/04\/A-la-une-UQACtualite-37.png\",\"width\":1920,\"height\":1080,\"caption\":\"Photo: Centre de recherche sur les innovations sociales (CRISES)\"},{\"@type\":\"BreadcrumbList\",\"@id\":\"https:\/\/www.uqac.ca\/uqactualites\/2026\/04\/16\/un-etudiant-a-la-maitrise-en-etudes-et-interventions-regionales-remporte-le-prix-jean-marie-fecteau\/#breadcrumb\",\"itemListElement\":[{\"@type\":\"ListItem\",\"position\":1,\"name\":\"Home\",\"item\":\"https:\/\/www.uqac.ca\/uqactualites\/\"},{\"@type\":\"ListItem\",\"position\":2,\"name\":\"Un \u00e9tudiant \u00e0 la ma\u00eetrise en \u00e9tudes et interventions r\u00e9gionales remporte le prix Jean-Marie-Fecteau\"}]},{\"@type\":\"WebSite\",\"@id\":\"https:\/\/www.uqac.ca\/uqactualites\/#website\",\"url\":\"https:\/\/www.uqac.ca\/uqactualites\/\",\"name\":\"UQACtualit\u00e9s\",\"description\":\"Le portail des nouvelles de l&#039;UQAC\",\"potentialAction\":[{\"@type\":\"SearchAction\",\"target\":{\"@type\":\"EntryPoint\",\"urlTemplate\":\"https:\/\/www.uqac.ca\/uqactualites\/?s={search_term_string}\"},\"query-input\":{\"@type\":\"PropertyValueSpecification\",\"valueRequired\":true,\"valueName\":\"search_term_string\"}}],\"inLanguage\":\"fr-CA\"},{\"@type\":\"Person\",\"@id\":\"https:\/\/www.uqac.ca\/uqactualites\/#\/schema\/person\/366c45a0c4f0e677b41b4af5886e2018\",\"name\":\"Service des communications et des relations publiques\",\"image\":{\"@type\":\"ImageObject\",\"inLanguage\":\"fr-CA\",\"@id\":\"https:\/\/www.uqac.ca\/uqactualites\/#\/schema\/person\/image\/\",\"url\":\"https:\/\/secure.gravatar.com\/avatar\/20fbbda8a292f59f2d3461a5b999c00b?s=96&d=mm&r=g\",\"contentUrl\":\"https:\/\/secure.gravatar.com\/avatar\/20fbbda8a292f59f2d3461a5b999c00b?s=96&d=mm&r=g\",\"caption\":\"Service des communications et des relations publiques\"},\"url\":\"https:\/\/www.uqac.ca\/uqactualites\/author\/bap\/\"}]}<\/script>\r\n<!-- \/ Yoast SEO plugin. -->","yoast_head_json":{"title":"Un \u00e9tudiant \u00e0 la ma\u00eetrise en \u00e9tudes et interventions r\u00e9gionales remporte le prix Jean-Marie-Fecteau - UQACtualit\u00e9s","robots":{"index":"index","follow":"follow","max-snippet":"max-snippet:-1","max-image-preview":"max-image-preview:large","max-video-preview":"max-video-preview:-1"},"canonical":"https:\/\/www.uqac.ca\/uqactualites\/2026\/04\/16\/un-etudiant-a-la-maitrise-en-etudes-et-interventions-regionales-remporte-le-prix-jean-marie-fecteau\/","og_locale":"fr_CA","og_type":"article","og_title":"Un \u00e9tudiant \u00e0 la ma\u00eetrise en \u00e9tudes et interventions r\u00e9gionales remporte le prix Jean-Marie-Fecteau - UQACtualit\u00e9s","og_description":"L\u2019\u00e9tudiant \u00e0 la ma\u00eetrise en \u00e9tudes et interventions r\u00e9gionales, Guison Celestin, a remport\u00e9 l\u2019un des trois prix Jean-Marie-Fecteau du Centre de recherche sur les innovations sociales (CRISES) le 1er avril dernier. Cr\u00e9\u00e9 en 2013, le prix Jean\u2011Marie Fecteau est remis chaque ann\u00e9e \u00e0 l\u2019occasion du colloque \u00e9tudiant des cycles sup\u00e9rieurs du CRISES. Il vise \u00e0 [&hellip;]","og_url":"https:\/\/www.uqac.ca\/uqactualites\/2026\/04\/16\/un-etudiant-a-la-maitrise-en-etudes-et-interventions-regionales-remporte-le-prix-jean-marie-fecteau\/","og_site_name":"UQACtualit\u00e9s","article_published_time":"2026-04-16T12:00:37+00:00","article_modified_time":"2026-04-16T12:51:31+00:00","og_image":[{"width":1920,"height":1080,"url":"https:\/\/www.uqac.ca\/uqactualites\/wp-content\/uploads\/2026\/04\/A-la-une-UQACtualite-37.png","type":"image\/png"}],"author":"Service des communications et des relations publiques","twitter_card":"summary_large_image","twitter_misc":{"\u00c9crit par":"Service des communications et des relations publiques","Estimation du temps de lecture":"2 minutes"},"schema":{"@context":"https:\/\/schema.org","@graph":[{"@type":"WebPage","@id":"https:\/\/www.uqac.ca\/uqactualites\/2026\/04\/16\/un-etudiant-a-la-maitrise-en-etudes-et-interventions-regionales-remporte-le-prix-jean-marie-fecteau\/","url":"https:\/\/www.uqac.ca\/uqactualites\/2026\/04\/16\/un-etudiant-a-la-maitrise-en-etudes-et-interventions-regionales-remporte-le-prix-jean-marie-fecteau\/","name":"Un \u00e9tudiant \u00e0 la ma\u00eetrise en \u00e9tudes et interventions r\u00e9gionales remporte le prix Jean-Marie-Fecteau - UQACtualit\u00e9s","isPartOf":{"@id":"https:\/\/www.uqac.ca\/uqactualites\/#website"},"primaryImageOfPage":{"@id":"https:\/\/www.uqac.ca\/uqactualites\/2026\/04\/16\/un-etudiant-a-la-maitrise-en-etudes-et-interventions-regionales-remporte-le-prix-jean-marie-fecteau\/#primaryimage"},"image":{"@id":"https:\/\/www.uqac.ca\/uqactualites\/2026\/04\/16\/un-etudiant-a-la-maitrise-en-etudes-et-interventions-regionales-remporte-le-prix-jean-marie-fecteau\/#primaryimage"},"thumbnailUrl":"https:\/\/www.uqac.ca\/uqactualites\/wp-content\/uploads\/2026\/04\/A-la-une-UQACtualite-37.png","datePublished":"2026-04-16T12:00:37+00:00","dateModified":"2026-04-16T12:51:31+00:00","author":{"@id":"https:\/\/www.uqac.ca\/uqactualites\/#\/schema\/person\/366c45a0c4f0e677b41b4af5886e2018"},"breadcrumb":{"@id":"https:\/\/www.uqac.ca\/uqactualites\/2026\/04\/16\/un-etudiant-a-la-maitrise-en-etudes-et-interventions-regionales-remporte-le-prix-jean-marie-fecteau\/#breadcrumb"},"inLanguage":"fr-CA","potentialAction":[{"@type":"ReadAction","target":["https:\/\/www.uqac.ca\/uqactualites\/2026\/04\/16\/un-etudiant-a-la-maitrise-en-etudes-et-interventions-regionales-remporte-le-prix-jean-marie-fecteau\/"]}]},{"@type":"ImageObject","inLanguage":"fr-CA","@id":"https:\/\/www.uqac.ca\/uqactualites\/2026\/04\/16\/un-etudiant-a-la-maitrise-en-etudes-et-interventions-regionales-remporte-le-prix-jean-marie-fecteau\/#primaryimage","url":"https:\/\/www.uqac.ca\/uqactualites\/wp-content\/uploads\/2026\/04\/A-la-une-UQACtualite-37.png","contentUrl":"https:\/\/www.uqac.ca\/uqactualites\/wp-content\/uploads\/2026\/04\/A-la-une-UQACtualite-37.png","width":1920,"height":1080,"caption":"Photo: Centre de recherche sur les innovations sociales (CRISES)"},{"@type":"BreadcrumbList","@id":"https:\/\/www.uqac.ca\/uqactualites\/2026\/04\/16\/un-etudiant-a-la-maitrise-en-etudes-et-interventions-regionales-remporte-le-prix-jean-marie-fecteau\/#breadcrumb","itemListElement":[{"@type":"ListItem","position":1,"name":"Home","item":"https:\/\/www.uqac.ca\/uqactualites\/"},{"@type":"ListItem","position":2,"name":"Un \u00e9tudiant \u00e0 la ma\u00eetrise en \u00e9tudes et interventions r\u00e9gionales remporte le prix Jean-Marie-Fecteau"}]},{"@type":"WebSite","@id":"https:\/\/www.uqac.ca\/uqactualites\/#website","url":"https:\/\/www.uqac.ca\/uqactualites\/","name":"UQACtualit\u00e9s","description":"Le portail des nouvelles de l&#039;UQAC","potentialAction":[{"@type":"SearchAction","target":{"@type":"EntryPoint","urlTemplate":"https:\/\/www.uqac.ca\/uqactualites\/?s={search_term_string}"},"query-input":{"@type":"PropertyValueSpecification","valueRequired":true,"valueName":"search_term_string"}}],"inLanguage":"fr-CA"},{"@type":"Person","@id":"https:\/\/www.uqac.ca\/uqactualites\/#\/schema\/person\/366c45a0c4f0e677b41b4af5886e2018","name":"Service des communications et des relations publiques","image":{"@type":"ImageObject","inLanguage":"fr-CA","@id":"https:\/\/www.uqac.ca\/uqactualites\/#\/schema\/person\/image\/","url":"https:\/\/secure.gravatar.com\/avatar\/20fbbda8a292f59f2d3461a5b999c00b?s=96&d=mm&r=g","contentUrl":"https:\/\/secure.gravatar.com\/avatar\/20fbbda8a292f59f2d3461a5b999c00b?s=96&d=mm&r=g","caption":"Service des communications et des relations publiques"},"url":"https:\/\/www.uqac.ca\/uqactualites\/author\/bap\/"}]}},"_links":{"self":[{"href":"https:\/\/www.uqac.ca\/uqactualites\/wp-json\/wp\/v2\/posts\/54407"}],"collection":[{"href":"https:\/\/www.uqac.ca\/uqactualites\/wp-json\/wp\/v2\/posts"}],"about":[{"href":"https:\/\/www.uqac.ca\/uqactualites\/wp-json\/wp\/v2\/types\/post"}],"author":[{"embeddable":true,"href":"https:\/\/www.uqac.ca\/uqactualites\/wp-json\/wp\/v2\/users\/5"}],"replies":[{"embeddable":true,"href":"https:\/\/www.uqac.ca\/uqactualites\/wp-json\/wp\/v2\/comments?post=54407"}],"version-history":[{"count":5,"href":"https:\/\/www.uqac.ca\/uqactualites\/wp-json\/wp\/v2\/posts\/54407\/revisions"}],"predecessor-version":[{"id":54487,"href":"https:\/\/www.uqac.ca\/uqactualites\/wp-json\/wp\/v2\/posts\/54407\/revisions\/54487"}],"wp:featuredmedia":[{"embeddable":true,"href":"https:\/\/www.uqac.ca\/uqactualites\/wp-json\/wp\/v2\/media\/54409"}],"wp:attachment":[{"href":"https:\/\/www.uqac.ca\/uqactualites\/wp-json\/wp\/v2\/media?parent=54407"}],"wp:term":[{"taxonomy":"category","embeddable":true,"href":"https:\/\/www.uqac.ca\/uqactualites\/wp-json\/wp\/v2\/categories?post=54407"},{"taxonomy":"post_tag","embeddable":true,"href":"https:\/\/www.uqac.ca\/uqactualites\/wp-json\/wp\/v2\/tags?post=54407"}],"curies":[{"name":"wp","href":"https:\/\/api.w.org\/{rel}","templated":true}]}}