{"id":54490,"date":"2026-04-17T15:18:20","date_gmt":"2026-04-17T19:18:20","guid":{"rendered":"https:\/\/www.uqac.ca\/uqactualites\/?p=54490"},"modified":"2026-04-17T15:18:56","modified_gmt":"2026-04-17T19:18:56","slug":"accessibilite-et-inclusion-quels-defis-et-quelles-pistes-daction","status":"publish","type":"post","link":"https:\/\/www.uqac.ca\/uqactualites\/2026\/04\/17\/accessibilite-et-inclusion-quels-defis-et-quelles-pistes-daction\/","title":{"rendered":"Accessibilit\u00e9 et inclusion : quels d\u00e9fis et quelles pistes d\u2019action?"},"content":{"rendered":"<p>Le 15\u202favril 2026, le <a href=\"https:\/\/cisd.uqac.ca\/\" target=\"_blank\" rel=\"noopener\">Centre intersectoriel en sant\u00e9 durable (CISD) <\/a>a tenu un Bar des sciences sur l\u2019accessibilit\u00e9 et l\u2019inclusion.<\/p>\n<p>Plusieurs enjeux ont \u00e9t\u00e9 soulev\u00e9s : contrainte du transport adapt\u00e9, accessibilit\u00e9 limit\u00e9e dans certains b\u00e2timents et installations, acc\u00e8s aux instances municipales, ainsi que des obstacles li\u00e9s aux perceptions et \u00e0 la m\u00e9connaissance du handicap, visible et invisible.<\/p>\n<p>Des pistes ont \u00e9t\u00e9 discut\u00e9es, notamment des solutions universelles (ex. des portes automatiques qui sont utiles aux personnes en situation d\u2019handicap mais \u00e9galement aux personnes vieillissantes, aux parents avec poussettes\u2026), l\u2019importance d\u2019impliquer les personnes concern\u00e9es dans la conception des environnements, ainsi que la formation du personnel en contact avec le public.<\/p>\n<p>Dans un contexte o\u00f9 27 % de la population a 65 ans et plus, ces constats concernent une part croissante de la population et soul\u00e8vent des questions sur les actions \u00e0 mettre en place \u00e0 court et moyen terme.<\/p>\n<p>Pour l\u2019article complet : <a href=\"https:\/\/cisd.uqac.ca\/quand-laccessibilite-et-linclusivite-deviennent-un-enjeu-collectif\/\">https:\/\/cisd.uqac.ca\/quand-laccessibilite-et-linclusivite-deviennent-un-enjeu-collectif\/<\/a><\/p>\n","protected":false},"excerpt":{"rendered":"<p>Le 15\u202favril 2026, le Centre intersectoriel en sant\u00e9 durable (CISD) a tenu un Bar des sciences sur l\u2019accessibilit\u00e9 et l\u2019inclusion. Plusieurs enjeux ont \u00e9t\u00e9 soulev\u00e9s : contrainte du transport adapt\u00e9, accessibilit\u00e9 limit\u00e9e dans certains b\u00e2timents et installations, acc\u00e8s aux instances municipales, ainsi que des obstacles li\u00e9s aux perceptions et \u00e0 la m\u00e9connaissance du handicap, visible [&hellip;]<\/p>\n","protected":false},"author":24,"featured_media":54491,"comment_status":"closed","ping_status":"open","sticky":false,"template":"","format":"standard","meta":{"footnotes":""},"categories":[2,61],"tags":[19,2851],"yoast_head":"<!-- This site is optimized with the Yoast SEO plugin v24.2 - https:\/\/yoast.com\/wordpress\/plugins\/seo\/ -->\r\n<title>Accessibilit\u00e9 et inclusion : quels d\u00e9fis et quelles pistes d\u2019action? - UQACtualit\u00e9s<\/title>\r\n<meta name=\"robots\" content=\"index, follow, max-snippet:-1, max-image-preview:large, max-video-preview:-1\" \/>\r\n<link rel=\"canonical\" href=\"https:\/\/www.uqac.ca\/uqactualites\/2026\/04\/17\/accessibilite-et-inclusion-quels-defis-et-quelles-pistes-daction\/\" \/>\r\n<meta property=\"og:locale\" content=\"fr_CA\" \/>\r\n<meta property=\"og:type\" content=\"article\" \/>\r\n<meta property=\"og:title\" content=\"Accessibilit\u00e9 et inclusion : quels d\u00e9fis et quelles pistes d\u2019action? - UQACtualit\u00e9s\" \/>\r\n<meta property=\"og:description\" content=\"Le 15\u202favril 2026, le Centre intersectoriel en sant\u00e9 durable (CISD) a tenu un Bar des sciences sur l\u2019accessibilit\u00e9 et l\u2019inclusion. Plusieurs enjeux ont \u00e9t\u00e9 soulev\u00e9s : contrainte du transport adapt\u00e9, accessibilit\u00e9 limit\u00e9e dans certains b\u00e2timents et installations, acc\u00e8s aux instances municipales, ainsi que des obstacles li\u00e9s aux perceptions et \u00e0 la m\u00e9connaissance du handicap, visible [&hellip;]\" \/>\r\n<meta property=\"og:url\" content=\"https:\/\/www.uqac.ca\/uqactualites\/2026\/04\/17\/accessibilite-et-inclusion-quels-defis-et-quelles-pistes-daction\/\" \/>\r\n<meta property=\"og:site_name\" content=\"UQACtualit\u00e9s\" \/>\r\n<meta property=\"article:published_time\" content=\"2026-04-17T19:18:20+00:00\" \/>\r\n<meta property=\"article:modified_time\" content=\"2026-04-17T19:18:56+00:00\" \/>\r\n<meta property=\"og:image\" content=\"https:\/\/www.uqac.ca\/uqactualites\/wp-content\/uploads\/2026\/04\/A-la-une-UQACtualite-40-1.png\" \/>\r\n\t<meta property=\"og:image:width\" content=\"1920\" \/>\r\n\t<meta property=\"og:image:height\" content=\"1080\" \/>\r\n\t<meta property=\"og:image:type\" content=\"image\/png\" \/>\r\n<meta name=\"author\" content=\"Centre intersectoriel Sant\u00e9 durable\" \/>\r\n<meta name=\"twitter:card\" content=\"summary_large_image\" \/>\r\n<meta name=\"twitter:label1\" content=\"\u00c9crit par\" \/>\n\t<meta name=\"twitter:data1\" content=\"Centre intersectoriel Sant\u00e9 durable\" \/>\n\t<meta name=\"twitter:label2\" content=\"Estimation du temps de lecture\" \/>\n\t<meta name=\"twitter:data2\" content=\"1 minute\" \/>\r\n<script type=\"application\/ld+json\" class=\"yoast-schema-graph\">{\"@context\":\"https:\/\/schema.org\",\"@graph\":[{\"@type\":\"WebPage\",\"@id\":\"https:\/\/www.uqac.ca\/uqactualites\/2026\/04\/17\/accessibilite-et-inclusion-quels-defis-et-quelles-pistes-daction\/\",\"url\":\"https:\/\/www.uqac.ca\/uqactualites\/2026\/04\/17\/accessibilite-et-inclusion-quels-defis-et-quelles-pistes-daction\/\",\"name\":\"Accessibilit\u00e9 et inclusion : quels d\u00e9fis et quelles pistes d\u2019action? - UQACtualit\u00e9s\",\"isPartOf\":{\"@id\":\"https:\/\/www.uqac.ca\/uqactualites\/#website\"},\"primaryImageOfPage\":{\"@id\":\"https:\/\/www.uqac.ca\/uqactualites\/2026\/04\/17\/accessibilite-et-inclusion-quels-defis-et-quelles-pistes-daction\/#primaryimage\"},\"image\":{\"@id\":\"https:\/\/www.uqac.ca\/uqactualites\/2026\/04\/17\/accessibilite-et-inclusion-quels-defis-et-quelles-pistes-daction\/#primaryimage\"},\"thumbnailUrl\":\"https:\/\/www.uqac.ca\/uqactualites\/wp-content\/uploads\/2026\/04\/A-la-une-UQACtualite-40-1.png\",\"datePublished\":\"2026-04-17T19:18:20+00:00\",\"dateModified\":\"2026-04-17T19:18:56+00:00\",\"author\":{\"@id\":\"https:\/\/www.uqac.ca\/uqactualites\/#\/schema\/person\/5e12778a2251390b7ce5f6c0f7165508\"},\"breadcrumb\":{\"@id\":\"https:\/\/www.uqac.ca\/uqactualites\/2026\/04\/17\/accessibilite-et-inclusion-quels-defis-et-quelles-pistes-daction\/#breadcrumb\"},\"inLanguage\":\"fr-CA\",\"potentialAction\":[{\"@type\":\"ReadAction\",\"target\":[\"https:\/\/www.uqac.ca\/uqactualites\/2026\/04\/17\/accessibilite-et-inclusion-quels-defis-et-quelles-pistes-daction\/\"]}]},{\"@type\":\"ImageObject\",\"inLanguage\":\"fr-CA\",\"@id\":\"https:\/\/www.uqac.ca\/uqactualites\/2026\/04\/17\/accessibilite-et-inclusion-quels-defis-et-quelles-pistes-daction\/#primaryimage\",\"url\":\"https:\/\/www.uqac.ca\/uqactualites\/wp-content\/uploads\/2026\/04\/A-la-une-UQACtualite-40-1.png\",\"contentUrl\":\"https:\/\/www.uqac.ca\/uqactualites\/wp-content\/uploads\/2026\/04\/A-la-une-UQACtualite-40-1.png\",\"width\":1920,\"height\":1080},{\"@type\":\"BreadcrumbList\",\"@id\":\"https:\/\/www.uqac.ca\/uqactualites\/2026\/04\/17\/accessibilite-et-inclusion-quels-defis-et-quelles-pistes-daction\/#breadcrumb\",\"itemListElement\":[{\"@type\":\"ListItem\",\"position\":1,\"name\":\"Home\",\"item\":\"https:\/\/www.uqac.ca\/uqactualites\/\"},{\"@type\":\"ListItem\",\"position\":2,\"name\":\"Accessibilit\u00e9 et inclusion : quels d\u00e9fis et quelles pistes d\u2019action?\"}]},{\"@type\":\"WebSite\",\"@id\":\"https:\/\/www.uqac.ca\/uqactualites\/#website\",\"url\":\"https:\/\/www.uqac.ca\/uqactualites\/\",\"name\":\"UQACtualit\u00e9s\",\"description\":\"Le portail des nouvelles de l&#039;UQAC\",\"potentialAction\":[{\"@type\":\"SearchAction\",\"target\":{\"@type\":\"EntryPoint\",\"urlTemplate\":\"https:\/\/www.uqac.ca\/uqactualites\/?s={search_term_string}\"},\"query-input\":{\"@type\":\"PropertyValueSpecification\",\"valueRequired\":true,\"valueName\":\"search_term_string\"}}],\"inLanguage\":\"fr-CA\"},{\"@type\":\"Person\",\"@id\":\"https:\/\/www.uqac.ca\/uqactualites\/#\/schema\/person\/5e12778a2251390b7ce5f6c0f7165508\",\"name\":\"Centre intersectoriel Sant\u00e9 durable\",\"image\":{\"@type\":\"ImageObject\",\"inLanguage\":\"fr-CA\",\"@id\":\"https:\/\/www.uqac.ca\/uqactualites\/#\/schema\/person\/image\/\",\"url\":\"https:\/\/secure.gravatar.com\/avatar\/38fd1978379e08753d55ed38ceb3b8e6?s=96&d=mm&r=g\",\"contentUrl\":\"https:\/\/secure.gravatar.com\/avatar\/38fd1978379e08753d55ed38ceb3b8e6?s=96&d=mm&r=g\",\"caption\":\"Centre intersectoriel Sant\u00e9 durable\"},\"sameAs\":[\"https:\/\/cisd.uqac.ca\/\"],\"url\":\"https:\/\/www.uqac.ca\/uqactualites\/author\/cisd\/\"}]}<\/script>\r\n<!-- \/ Yoast SEO plugin. -->","yoast_head_json":{"title":"Accessibilit\u00e9 et inclusion : quels d\u00e9fis et quelles pistes d\u2019action? - UQACtualit\u00e9s","robots":{"index":"index","follow":"follow","max-snippet":"max-snippet:-1","max-image-preview":"max-image-preview:large","max-video-preview":"max-video-preview:-1"},"canonical":"https:\/\/www.uqac.ca\/uqactualites\/2026\/04\/17\/accessibilite-et-inclusion-quels-defis-et-quelles-pistes-daction\/","og_locale":"fr_CA","og_type":"article","og_title":"Accessibilit\u00e9 et inclusion : quels d\u00e9fis et quelles pistes d\u2019action? - UQACtualit\u00e9s","og_description":"Le 15\u202favril 2026, le Centre intersectoriel en sant\u00e9 durable (CISD) a tenu un Bar des sciences sur l\u2019accessibilit\u00e9 et l\u2019inclusion. Plusieurs enjeux ont \u00e9t\u00e9 soulev\u00e9s : contrainte du transport adapt\u00e9, accessibilit\u00e9 limit\u00e9e dans certains b\u00e2timents et installations, acc\u00e8s aux instances municipales, ainsi que des obstacles li\u00e9s aux perceptions et \u00e0 la m\u00e9connaissance du handicap, visible [&hellip;]","og_url":"https:\/\/www.uqac.ca\/uqactualites\/2026\/04\/17\/accessibilite-et-inclusion-quels-defis-et-quelles-pistes-daction\/","og_site_name":"UQACtualit\u00e9s","article_published_time":"2026-04-17T19:18:20+00:00","article_modified_time":"2026-04-17T19:18:56+00:00","og_image":[{"width":1920,"height":1080,"url":"https:\/\/www.uqac.ca\/uqactualites\/wp-content\/uploads\/2026\/04\/A-la-une-UQACtualite-40-1.png","type":"image\/png"}],"author":"Centre intersectoriel Sant\u00e9 durable","twitter_card":"summary_large_image","twitter_misc":{"\u00c9crit par":"Centre intersectoriel Sant\u00e9 durable","Estimation du temps de lecture":"1 minute"},"schema":{"@context":"https:\/\/schema.org","@graph":[{"@type":"WebPage","@id":"https:\/\/www.uqac.ca\/uqactualites\/2026\/04\/17\/accessibilite-et-inclusion-quels-defis-et-quelles-pistes-daction\/","url":"https:\/\/www.uqac.ca\/uqactualites\/2026\/04\/17\/accessibilite-et-inclusion-quels-defis-et-quelles-pistes-daction\/","name":"Accessibilit\u00e9 et inclusion : quels d\u00e9fis et quelles pistes d\u2019action? - UQACtualit\u00e9s","isPartOf":{"@id":"https:\/\/www.uqac.ca\/uqactualites\/#website"},"primaryImageOfPage":{"@id":"https:\/\/www.uqac.ca\/uqactualites\/2026\/04\/17\/accessibilite-et-inclusion-quels-defis-et-quelles-pistes-daction\/#primaryimage"},"image":{"@id":"https:\/\/www.uqac.ca\/uqactualites\/2026\/04\/17\/accessibilite-et-inclusion-quels-defis-et-quelles-pistes-daction\/#primaryimage"},"thumbnailUrl":"https:\/\/www.uqac.ca\/uqactualites\/wp-content\/uploads\/2026\/04\/A-la-une-UQACtualite-40-1.png","datePublished":"2026-04-17T19:18:20+00:00","dateModified":"2026-04-17T19:18:56+00:00","author":{"@id":"https:\/\/www.uqac.ca\/uqactualites\/#\/schema\/person\/5e12778a2251390b7ce5f6c0f7165508"},"breadcrumb":{"@id":"https:\/\/www.uqac.ca\/uqactualites\/2026\/04\/17\/accessibilite-et-inclusion-quels-defis-et-quelles-pistes-daction\/#breadcrumb"},"inLanguage":"fr-CA","potentialAction":[{"@type":"ReadAction","target":["https:\/\/www.uqac.ca\/uqactualites\/2026\/04\/17\/accessibilite-et-inclusion-quels-defis-et-quelles-pistes-daction\/"]}]},{"@type":"ImageObject","inLanguage":"fr-CA","@id":"https:\/\/www.uqac.ca\/uqactualites\/2026\/04\/17\/accessibilite-et-inclusion-quels-defis-et-quelles-pistes-daction\/#primaryimage","url":"https:\/\/www.uqac.ca\/uqactualites\/wp-content\/uploads\/2026\/04\/A-la-une-UQACtualite-40-1.png","contentUrl":"https:\/\/www.uqac.ca\/uqactualites\/wp-content\/uploads\/2026\/04\/A-la-une-UQACtualite-40-1.png","width":1920,"height":1080},{"@type":"BreadcrumbList","@id":"https:\/\/www.uqac.ca\/uqactualites\/2026\/04\/17\/accessibilite-et-inclusion-quels-defis-et-quelles-pistes-daction\/#breadcrumb","itemListElement":[{"@type":"ListItem","position":1,"name":"Home","item":"https:\/\/www.uqac.ca\/uqactualites\/"},{"@type":"ListItem","position":2,"name":"Accessibilit\u00e9 et inclusion : quels d\u00e9fis et quelles pistes d\u2019action?"}]},{"@type":"WebSite","@id":"https:\/\/www.uqac.ca\/uqactualites\/#website","url":"https:\/\/www.uqac.ca\/uqactualites\/","name":"UQACtualit\u00e9s","description":"Le portail des nouvelles de l&#039;UQAC","potentialAction":[{"@type":"SearchAction","target":{"@type":"EntryPoint","urlTemplate":"https:\/\/www.uqac.ca\/uqactualites\/?s={search_term_string}"},"query-input":{"@type":"PropertyValueSpecification","valueRequired":true,"valueName":"search_term_string"}}],"inLanguage":"fr-CA"},{"@type":"Person","@id":"https:\/\/www.uqac.ca\/uqactualites\/#\/schema\/person\/5e12778a2251390b7ce5f6c0f7165508","name":"Centre intersectoriel Sant\u00e9 durable","image":{"@type":"ImageObject","inLanguage":"fr-CA","@id":"https:\/\/www.uqac.ca\/uqactualites\/#\/schema\/person\/image\/","url":"https:\/\/secure.gravatar.com\/avatar\/38fd1978379e08753d55ed38ceb3b8e6?s=96&d=mm&r=g","contentUrl":"https:\/\/secure.gravatar.com\/avatar\/38fd1978379e08753d55ed38ceb3b8e6?s=96&d=mm&r=g","caption":"Centre intersectoriel Sant\u00e9 durable"},"sameAs":["https:\/\/cisd.uqac.ca\/"],"url":"https:\/\/www.uqac.ca\/uqactualites\/author\/cisd\/"}]}},"_links":{"self":[{"href":"https:\/\/www.uqac.ca\/uqactualites\/wp-json\/wp\/v2\/posts\/54490"}],"collection":[{"href":"https:\/\/www.uqac.ca\/uqactualites\/wp-json\/wp\/v2\/posts"}],"about":[{"href":"https:\/\/www.uqac.ca\/uqactualites\/wp-json\/wp\/v2\/types\/post"}],"author":[{"embeddable":true,"href":"https:\/\/www.uqac.ca\/uqactualites\/wp-json\/wp\/v2\/users\/24"}],"replies":[{"embeddable":true,"href":"https:\/\/www.uqac.ca\/uqactualites\/wp-json\/wp\/v2\/comments?post=54490"}],"version-history":[{"count":2,"href":"https:\/\/www.uqac.ca\/uqactualites\/wp-json\/wp\/v2\/posts\/54490\/revisions"}],"predecessor-version":[{"id":54493,"href":"https:\/\/www.uqac.ca\/uqactualites\/wp-json\/wp\/v2\/posts\/54490\/revisions\/54493"}],"wp:featuredmedia":[{"embeddable":true,"href":"https:\/\/www.uqac.ca\/uqactualites\/wp-json\/wp\/v2\/media\/54491"}],"wp:attachment":[{"href":"https:\/\/www.uqac.ca\/uqactualites\/wp-json\/wp\/v2\/media?parent=54490"}],"wp:term":[{"taxonomy":"category","embeddable":true,"href":"https:\/\/www.uqac.ca\/uqactualites\/wp-json\/wp\/v2\/categories?post=54490"},{"taxonomy":"post_tag","embeddable":true,"href":"https:\/\/www.uqac.ca\/uqactualites\/wp-json\/wp\/v2\/tags?post=54490"}],"curies":[{"name":"wp","href":"https:\/\/api.w.org\/{rel}","templated":true}]}}