{"id":54494,"date":"2026-04-17T15:50:55","date_gmt":"2026-04-17T19:50:55","guid":{"rendered":"https:\/\/www.uqac.ca\/uqactualites\/?p=54494"},"modified":"2026-04-21T16:24:19","modified_gmt":"2026-04-21T20:24:19","slug":"la-comedie-musicale-etudiante-blonde-et-legale-depasse-les-900-billets-vendus","status":"publish","type":"post","link":"https:\/\/www.uqac.ca\/uqactualites\/2026\/04\/17\/la-comedie-musicale-etudiante-blonde-et-legale-depasse-les-900-billets-vendus\/","title":{"rendered":"La com\u00e9die musicale \u00e9tudiante Blonde et l\u00e9gale d\u00e9passe les 900 billets vendus"},"content":{"rendered":"<p>La com\u00e9die musicale Blonde et l\u00e9gale, enti\u00e8rement port\u00e9e par la communaut\u00e9 \u00e9tudiante de l&rsquo;UQAC, a connu un v\u00e9ritable succ\u00e8s lors de ses trois repr\u00e9sentations \u00e0 la Salle Fran\u00e7ois-Brassard. Le spectacle a su rassembler un large public, avec plus de 900 billets vendus pour l\u2019occasion. Cet engouement t\u00e9moigne non seulement de l\u2019int\u00e9r\u00eat pour les initiatives culturelles \u00e9tudiantes, mais aussi de la capacit\u00e9 de la communaut\u00e9 \u00e9tudiante de l\u2019UQAC \u00e0 livrer des productions artistiques ambitieuses et de grande qualit\u00e9.<\/p>\n<p>Fruit de plusieurs mois de travail soutenu, le projet a mobilis\u00e9 pr\u00e8s d\u2019une soixantaine de personnes issues de divers programmes et horizons. Sur sc\u00e8ne comme en coulisses, les membres de la troupe ont su mettre \u00e0 profit leurs talents en interpr\u00e9tation, en cr\u00e9ation et en organisation pour donner vie \u00e0 une \u0153uvre coh\u00e9rente, touchante et actuelle. En abordant des th\u00e9matiques comme l\u2019authenticit\u00e9 et les st\u00e9r\u00e9otypes de genre, la production a su rejoindre le public tout en refl\u00e9tant les valeurs d\u2019ouverture et de diversit\u00e9 qui caract\u00e9risent la communaut\u00e9 universitaire.<\/p>\n<p>Port\u00e9 par cet engouement, le projet ne s\u2019arr\u00eate pas l\u00e0. Devant l\u2019ampleur du succ\u00e8s rencontr\u00e9, une nouvelle production de la com\u00e9die musicale UQAC est d\u00e9j\u00e0 confirm\u00e9e pour l\u2019an prochain. Cette continuit\u00e9 vient consolider la place des initiatives \u00e9tudiantes dans la vie culturelle r\u00e9gionale et renforce la fiert\u00e9 collective envers ce que la communaut\u00e9 de l\u2019UQAC est capable de cr\u00e9er lorsqu\u2019elle se mobilise autour d\u2019un projet commun.<\/p>\n\r\n                <style type=\"text\/css\">\r\n                    \r\n                    #tdi_1  .td-doubleSlider-2 .td-item1 {\r\n                        background: url(https:\/\/www.uqac.ca\/uqactualites\/wp-content\/uploads\/2026\/04\/DSC09884.jpeg) 0 0 no-repeat;\r\n                    }\r\n                    #tdi_1  .td-doubleSlider-2 .td-item2 {\r\n                        background: url(https:\/\/www.uqac.ca\/uqactualites\/wp-content\/uploads\/2026\/04\/IMG_6964-1.jpg) 0 0 no-repeat;\r\n                    }\r\n                    #tdi_1  .td-doubleSlider-2 .td-item3 {\r\n                        background: url(https:\/\/www.uqac.ca\/uqactualites\/wp-content\/uploads\/2026\/04\/IMG_6956-1.jpg) 0 0 no-repeat;\r\n                    }\r\n                    #tdi_1  .td-doubleSlider-2 .td-item4 {\r\n                        background: url(https:\/\/www.uqac.ca\/uqactualites\/wp-content\/uploads\/2026\/04\/DSC08767-1.jpeg) 0 0 no-repeat;\r\n                    }\r\n                <\/style>\r\n\r\n                <div id=\"tdi_1\" class=\"td-gallery td-slide-on-2-columns\">\r\n                    <div class=\"post_td_gallery\">\r\n                        <div class=\"td-gallery-slide-top\">\r\n                           <div class=\"td-gallery-title\"><\/div>\r\n\r\n                            <div class=\"td-gallery-controls-wrapper\">\r\n                                <div class=\"td-gallery-slide-count\"><span class=\"td-gallery-slide-item-focus\">1<\/span> of 4<\/div>\r\n                                <div class=\"td-gallery-slide-prev-next-but\">\r\n                                    <i class = \"td-icon-left doubleSliderPrevButton\"><\/i>\r\n                                    <i class = \"td-icon-right doubleSliderNextButton\"><\/i>\r\n                                <\/div>\r\n                            <\/div>\r\n                        <\/div>\r\n\r\n                        <div class = \"td-doubleSlider-1 \">\r\n                            <div class = \"td-slider\">\r\n                                \r\n                    <div class = \"td-slide-item td-item1\">\r\n                        <figure class=\"td-slide-galery-figure td-slide-popup-gallery\">\r\n                            <a class=\"slide-gallery-image-link\" href=\"https:\/\/www.uqac.ca\/uqactualites\/wp-content\/uploads\/2026\/04\/DSC09884.jpeg\" title=\"DSC09884\"  data-caption=\"Cr\u00e9dit: Anastasia\u2019s photos\"  data-description=\"\">\r\n                                <img decoding=\"async\" src=\"https:\/\/www.uqac.ca\/uqactualites\/wp-content\/uploads\/2026\/04\/DSC09884.jpeg\" srcset=\"https:\/\/www.uqac.ca\/uqactualites\/wp-content\/uploads\/2026\/04\/DSC09884.jpeg 1200w, https:\/\/www.uqac.ca\/uqactualites\/wp-content\/uploads\/2026\/04\/DSC09884-300x194.jpeg 300w, https:\/\/www.uqac.ca\/uqactualites\/wp-content\/uploads\/2026\/04\/DSC09884-1024x660.jpeg 1024w, https:\/\/www.uqac.ca\/uqactualites\/wp-content\/uploads\/2026\/04\/DSC09884-768x495.jpeg 768w, https:\/\/www.uqac.ca\/uqactualites\/wp-content\/uploads\/2026\/04\/DSC09884-150x97.jpeg 150w, https:\/\/www.uqac.ca\/uqactualites\/wp-content\/uploads\/2026\/04\/DSC09884-696x449.jpeg 696w, https:\/\/www.uqac.ca\/uqactualites\/wp-content\/uploads\/2026\/04\/DSC09884-1068x689.jpeg 1068w\" sizes=\"(max-width: 1200px) 100vw, 1200px\" alt=\"\">\r\n                            <\/a>\r\n                            <figcaption class = \"td-slide-caption td-gallery-slide-content\"><div class = \"td-gallery-slide-copywrite\">Cr\u00e9dit: Anastasia\u2019s photos<\/div><\/figcaption>\r\n                        <\/figure>\r\n                    <\/div>\r\n                    <div class = \"td-slide-item td-item2\">\r\n                        <figure class=\"td-slide-galery-figure td-slide-popup-gallery\">\r\n                            <a class=\"slide-gallery-image-link\" href=\"https:\/\/www.uqac.ca\/uqactualites\/wp-content\/uploads\/2026\/04\/IMG_6964-1.jpg\" title=\"IMG_6964-1\"  data-caption=\"Cr\u00e9dit: Anastasia\u2019s photos\"  data-description=\"\">\r\n                                <img decoding=\"async\" src=\"https:\/\/www.uqac.ca\/uqactualites\/wp-content\/uploads\/2026\/04\/IMG_6964-1.jpg\" srcset=\"https:\/\/www.uqac.ca\/uqactualites\/wp-content\/uploads\/2026\/04\/IMG_6964-1.jpg 1200w, https:\/\/www.uqac.ca\/uqactualites\/wp-content\/uploads\/2026\/04\/IMG_6964-1-300x200.jpg 300w, https:\/\/www.uqac.ca\/uqactualites\/wp-content\/uploads\/2026\/04\/IMG_6964-1-1024x683.jpg 1024w, https:\/\/www.uqac.ca\/uqactualites\/wp-content\/uploads\/2026\/04\/IMG_6964-1-768x512.jpg 768w, https:\/\/www.uqac.ca\/uqactualites\/wp-content\/uploads\/2026\/04\/IMG_6964-1-150x100.jpg 150w, https:\/\/www.uqac.ca\/uqactualites\/wp-content\/uploads\/2026\/04\/IMG_6964-1-696x464.jpg 696w, https:\/\/www.uqac.ca\/uqactualites\/wp-content\/uploads\/2026\/04\/IMG_6964-1-1068x712.jpg 1068w\" sizes=\"(max-width: 1200px) 100vw, 1200px\" alt=\"\">\r\n                            <\/a>\r\n                            <figcaption class = \"td-slide-caption td-gallery-slide-content\"><div class = \"td-gallery-slide-copywrite\">Cr\u00e9dit: Anastasia\u2019s photos<\/div><\/figcaption>\r\n                        <\/figure>\r\n                    <\/div>\r\n                    <div class = \"td-slide-item td-item3\">\r\n                        <figure class=\"td-slide-galery-figure td-slide-popup-gallery\">\r\n                            <a class=\"slide-gallery-image-link\" href=\"https:\/\/www.uqac.ca\/uqactualites\/wp-content\/uploads\/2026\/04\/IMG_6956-1.jpg\" title=\"IMG_6956-1\"  data-caption=\"Cr\u00e9dit: Anastasia\u2019s photos\"  data-description=\"\">\r\n                                <img decoding=\"async\" src=\"https:\/\/www.uqac.ca\/uqactualites\/wp-content\/uploads\/2026\/04\/IMG_6956-1.jpg\" srcset=\"https:\/\/www.uqac.ca\/uqactualites\/wp-content\/uploads\/2026\/04\/IMG_6956-1.jpg 1200w, https:\/\/www.uqac.ca\/uqactualites\/wp-content\/uploads\/2026\/04\/IMG_6956-1-300x200.jpg 300w, https:\/\/www.uqac.ca\/uqactualites\/wp-content\/uploads\/2026\/04\/IMG_6956-1-1024x683.jpg 1024w, https:\/\/www.uqac.ca\/uqactualites\/wp-content\/uploads\/2026\/04\/IMG_6956-1-768x512.jpg 768w, https:\/\/www.uqac.ca\/uqactualites\/wp-content\/uploads\/2026\/04\/IMG_6956-1-150x100.jpg 150w, https:\/\/www.uqac.ca\/uqactualites\/wp-content\/uploads\/2026\/04\/IMG_6956-1-696x464.jpg 696w, https:\/\/www.uqac.ca\/uqactualites\/wp-content\/uploads\/2026\/04\/IMG_6956-1-1068x712.jpg 1068w\" sizes=\"(max-width: 1200px) 100vw, 1200px\" alt=\"\">\r\n                            <\/a>\r\n                            <figcaption class = \"td-slide-caption td-gallery-slide-content\"><div class = \"td-gallery-slide-copywrite\">Cr\u00e9dit: Anastasia\u2019s photos<\/div><\/figcaption>\r\n                        <\/figure>\r\n                    <\/div>\r\n                    <div class = \"td-slide-item td-item4\">\r\n                        <figure class=\"td-slide-galery-figure td-slide-popup-gallery\">\r\n                            <a class=\"slide-gallery-image-link\" href=\"https:\/\/www.uqac.ca\/uqactualites\/wp-content\/uploads\/2026\/04\/DSC08767-1.jpeg\" title=\"DSC08767-1\"  data-caption=\"Cr\u00e9dit: Anastasia\u2019s photos\"  data-description=\"\">\r\n                                <img decoding=\"async\" src=\"https:\/\/www.uqac.ca\/uqactualites\/wp-content\/uploads\/2026\/04\/DSC08767-1.jpeg\" srcset=\"https:\/\/www.uqac.ca\/uqactualites\/wp-content\/uploads\/2026\/04\/DSC08767-1.jpeg 1200w, https:\/\/www.uqac.ca\/uqactualites\/wp-content\/uploads\/2026\/04\/DSC08767-1-300x200.jpeg 300w, https:\/\/www.uqac.ca\/uqactualites\/wp-content\/uploads\/2026\/04\/DSC08767-1-1024x683.jpeg 1024w, https:\/\/www.uqac.ca\/uqactualites\/wp-content\/uploads\/2026\/04\/DSC08767-1-768x512.jpeg 768w, https:\/\/www.uqac.ca\/uqactualites\/wp-content\/uploads\/2026\/04\/DSC08767-1-150x100.jpeg 150w, https:\/\/www.uqac.ca\/uqactualites\/wp-content\/uploads\/2026\/04\/DSC08767-1-696x464.jpeg 696w, https:\/\/www.uqac.ca\/uqactualites\/wp-content\/uploads\/2026\/04\/DSC08767-1-1068x712.jpeg 1068w\" sizes=\"(max-width: 1200px) 100vw, 1200px\" alt=\"\">\r\n                            <\/a>\r\n                            <figcaption class = \"td-slide-caption td-gallery-slide-content\"><div class = \"td-gallery-slide-copywrite\">Cr\u00e9dit: Anastasia\u2019s photos<\/div><\/figcaption>\r\n                        <\/figure>\r\n                    <\/div>\r\n                            <\/div>\r\n                        <\/div>\r\n\r\n                        <div class = \"td-doubleSlider-2\">\r\n                            <div class = \"td-slider\">\r\n                                \r\n                    <div class = \"td-button td-item1\">\r\n                        <div class = \"td-border\"><\/div>\r\n                    <\/div>\r\n                    <div class = \"td-button td-item2\">\r\n                        <div class = \"td-border\"><\/div>\r\n                    <\/div>\r\n                    <div class = \"td-button td-item3\">\r\n                        <div class = \"td-border\"><\/div>\r\n                    <\/div>\r\n                    <div class = \"td-button td-item4\">\r\n                        <div class = \"td-border\"><\/div>\r\n                    <\/div>\r\n                            <\/div>\r\n                        <\/div>\r\n\r\n                    <\/div>\r\n\r\n                <\/div>\r\n                \n","protected":false},"excerpt":{"rendered":"<p>La com\u00e9die musicale Blonde et l\u00e9gale, enti\u00e8rement port\u00e9e par la communaut\u00e9 \u00e9tudiante de l&rsquo;UQAC, a connu un v\u00e9ritable succ\u00e8s lors de ses trois repr\u00e9sentations \u00e0 la Salle Fran\u00e7ois-Brassard. Le spectacle a su rassembler un large public, avec plus de 900 billets vendus pour l\u2019occasion. Cet engouement t\u00e9moigne non seulement de l\u2019int\u00e9r\u00eat pour les initiatives culturelles [&hellip;]<\/p>\n","protected":false},"author":5,"featured_media":54496,"comment_status":"closed","ping_status":"open","sticky":false,"template":"","format":"standard","meta":{"footnotes":""},"categories":[2795,2],"tags":[],"yoast_head":"<!-- This site is optimized with the Yoast SEO plugin v24.2 - https:\/\/yoast.com\/wordpress\/plugins\/seo\/ -->\r\n<title>La com\u00e9die musicale \u00e9tudiante Blonde et l\u00e9gale d\u00e9passe les 900 billets vendus - UQACtualit\u00e9s<\/title>\r\n<meta name=\"robots\" content=\"index, follow, max-snippet:-1, max-image-preview:large, max-video-preview:-1\" \/>\r\n<link rel=\"canonical\" href=\"https:\/\/www.uqac.ca\/uqactualites\/2026\/04\/17\/la-comedie-musicale-etudiante-blonde-et-legale-depasse-les-900-billets-vendus\/\" \/>\r\n<meta property=\"og:locale\" content=\"fr_CA\" \/>\r\n<meta property=\"og:type\" content=\"article\" \/>\r\n<meta property=\"og:title\" content=\"La com\u00e9die musicale \u00e9tudiante Blonde et l\u00e9gale d\u00e9passe les 900 billets vendus - UQACtualit\u00e9s\" \/>\r\n<meta property=\"og:description\" content=\"La com\u00e9die musicale Blonde et l\u00e9gale, enti\u00e8rement port\u00e9e par la communaut\u00e9 \u00e9tudiante de l&rsquo;UQAC, a connu un v\u00e9ritable succ\u00e8s lors de ses trois repr\u00e9sentations \u00e0 la Salle Fran\u00e7ois-Brassard. Le spectacle a su rassembler un large public, avec plus de 900 billets vendus pour l\u2019occasion. Cet engouement t\u00e9moigne non seulement de l\u2019int\u00e9r\u00eat pour les initiatives culturelles [&hellip;]\" \/>\r\n<meta property=\"og:url\" content=\"https:\/\/www.uqac.ca\/uqactualites\/2026\/04\/17\/la-comedie-musicale-etudiante-blonde-et-legale-depasse-les-900-billets-vendus\/\" \/>\r\n<meta property=\"og:site_name\" content=\"UQACtualit\u00e9s\" \/>\r\n<meta property=\"article:published_time\" content=\"2026-04-17T19:50:55+00:00\" \/>\r\n<meta property=\"article:modified_time\" content=\"2026-04-21T20:24:19+00:00\" \/>\r\n<meta property=\"og:image\" content=\"https:\/\/www.uqac.ca\/uqactualites\/wp-content\/uploads\/2026\/04\/A-la-une-UQACtualite-41.png\" \/>\r\n\t<meta property=\"og:image:width\" content=\"1920\" \/>\r\n\t<meta property=\"og:image:height\" content=\"1080\" \/>\r\n\t<meta property=\"og:image:type\" content=\"image\/png\" \/>\r\n<meta name=\"author\" content=\"Service des communications et des relations publiques\" \/>\r\n<meta name=\"twitter:card\" content=\"summary_large_image\" \/>\r\n<meta name=\"twitter:label1\" content=\"\u00c9crit par\" \/>\n\t<meta name=\"twitter:data1\" content=\"Service des communications et des relations publiques\" \/>\n\t<meta name=\"twitter:label2\" content=\"Estimation du temps de lecture\" \/>\n\t<meta name=\"twitter:data2\" content=\"2 minutes\" \/>\r\n<script type=\"application\/ld+json\" class=\"yoast-schema-graph\">{\"@context\":\"https:\/\/schema.org\",\"@graph\":[{\"@type\":\"WebPage\",\"@id\":\"https:\/\/www.uqac.ca\/uqactualites\/2026\/04\/17\/la-comedie-musicale-etudiante-blonde-et-legale-depasse-les-900-billets-vendus\/\",\"url\":\"https:\/\/www.uqac.ca\/uqactualites\/2026\/04\/17\/la-comedie-musicale-etudiante-blonde-et-legale-depasse-les-900-billets-vendus\/\",\"name\":\"La com\u00e9die musicale \u00e9tudiante Blonde et l\u00e9gale d\u00e9passe les 900 billets vendus - UQACtualit\u00e9s\",\"isPartOf\":{\"@id\":\"https:\/\/www.uqac.ca\/uqactualites\/#website\"},\"primaryImageOfPage\":{\"@id\":\"https:\/\/www.uqac.ca\/uqactualites\/2026\/04\/17\/la-comedie-musicale-etudiante-blonde-et-legale-depasse-les-900-billets-vendus\/#primaryimage\"},\"image\":{\"@id\":\"https:\/\/www.uqac.ca\/uqactualites\/2026\/04\/17\/la-comedie-musicale-etudiante-blonde-et-legale-depasse-les-900-billets-vendus\/#primaryimage\"},\"thumbnailUrl\":\"https:\/\/www.uqac.ca\/uqactualites\/wp-content\/uploads\/2026\/04\/A-la-une-UQACtualite-41.png\",\"datePublished\":\"2026-04-17T19:50:55+00:00\",\"dateModified\":\"2026-04-21T20:24:19+00:00\",\"author\":{\"@id\":\"https:\/\/www.uqac.ca\/uqactualites\/#\/schema\/person\/366c45a0c4f0e677b41b4af5886e2018\"},\"breadcrumb\":{\"@id\":\"https:\/\/www.uqac.ca\/uqactualites\/2026\/04\/17\/la-comedie-musicale-etudiante-blonde-et-legale-depasse-les-900-billets-vendus\/#breadcrumb\"},\"inLanguage\":\"fr-CA\",\"potentialAction\":[{\"@type\":\"ReadAction\",\"target\":[\"https:\/\/www.uqac.ca\/uqactualites\/2026\/04\/17\/la-comedie-musicale-etudiante-blonde-et-legale-depasse-les-900-billets-vendus\/\"]}]},{\"@type\":\"ImageObject\",\"inLanguage\":\"fr-CA\",\"@id\":\"https:\/\/www.uqac.ca\/uqactualites\/2026\/04\/17\/la-comedie-musicale-etudiante-blonde-et-legale-depasse-les-900-billets-vendus\/#primaryimage\",\"url\":\"https:\/\/www.uqac.ca\/uqactualites\/wp-content\/uploads\/2026\/04\/A-la-une-UQACtualite-41.png\",\"contentUrl\":\"https:\/\/www.uqac.ca\/uqactualites\/wp-content\/uploads\/2026\/04\/A-la-une-UQACtualite-41.png\",\"width\":1920,\"height\":1080,\"caption\":\"Cr\u00e9dit: Anastasia\u2019s photos\"},{\"@type\":\"BreadcrumbList\",\"@id\":\"https:\/\/www.uqac.ca\/uqactualites\/2026\/04\/17\/la-comedie-musicale-etudiante-blonde-et-legale-depasse-les-900-billets-vendus\/#breadcrumb\",\"itemListElement\":[{\"@type\":\"ListItem\",\"position\":1,\"name\":\"Home\",\"item\":\"https:\/\/www.uqac.ca\/uqactualites\/\"},{\"@type\":\"ListItem\",\"position\":2,\"name\":\"La com\u00e9die musicale \u00e9tudiante Blonde et l\u00e9gale d\u00e9passe les 900 billets vendus\"}]},{\"@type\":\"WebSite\",\"@id\":\"https:\/\/www.uqac.ca\/uqactualites\/#website\",\"url\":\"https:\/\/www.uqac.ca\/uqactualites\/\",\"name\":\"UQACtualit\u00e9s\",\"description\":\"Le portail des nouvelles de l&#039;UQAC\",\"potentialAction\":[{\"@type\":\"SearchAction\",\"target\":{\"@type\":\"EntryPoint\",\"urlTemplate\":\"https:\/\/www.uqac.ca\/uqactualites\/?s={search_term_string}\"},\"query-input\":{\"@type\":\"PropertyValueSpecification\",\"valueRequired\":true,\"valueName\":\"search_term_string\"}}],\"inLanguage\":\"fr-CA\"},{\"@type\":\"Person\",\"@id\":\"https:\/\/www.uqac.ca\/uqactualites\/#\/schema\/person\/366c45a0c4f0e677b41b4af5886e2018\",\"name\":\"Service des communications et des relations publiques\",\"image\":{\"@type\":\"ImageObject\",\"inLanguage\":\"fr-CA\",\"@id\":\"https:\/\/www.uqac.ca\/uqactualites\/#\/schema\/person\/image\/\",\"url\":\"https:\/\/secure.gravatar.com\/avatar\/20fbbda8a292f59f2d3461a5b999c00b?s=96&d=mm&r=g\",\"contentUrl\":\"https:\/\/secure.gravatar.com\/avatar\/20fbbda8a292f59f2d3461a5b999c00b?s=96&d=mm&r=g\",\"caption\":\"Service des communications et des relations publiques\"},\"url\":\"https:\/\/www.uqac.ca\/uqactualites\/author\/bap\/\"}]}<\/script>\r\n<!-- \/ Yoast SEO plugin. -->","yoast_head_json":{"title":"La com\u00e9die musicale \u00e9tudiante Blonde et l\u00e9gale d\u00e9passe les 900 billets vendus - UQACtualit\u00e9s","robots":{"index":"index","follow":"follow","max-snippet":"max-snippet:-1","max-image-preview":"max-image-preview:large","max-video-preview":"max-video-preview:-1"},"canonical":"https:\/\/www.uqac.ca\/uqactualites\/2026\/04\/17\/la-comedie-musicale-etudiante-blonde-et-legale-depasse-les-900-billets-vendus\/","og_locale":"fr_CA","og_type":"article","og_title":"La com\u00e9die musicale \u00e9tudiante Blonde et l\u00e9gale d\u00e9passe les 900 billets vendus - UQACtualit\u00e9s","og_description":"La com\u00e9die musicale Blonde et l\u00e9gale, enti\u00e8rement port\u00e9e par la communaut\u00e9 \u00e9tudiante de l&rsquo;UQAC, a connu un v\u00e9ritable succ\u00e8s lors de ses trois repr\u00e9sentations \u00e0 la Salle Fran\u00e7ois-Brassard. Le spectacle a su rassembler un large public, avec plus de 900 billets vendus pour l\u2019occasion. Cet engouement t\u00e9moigne non seulement de l\u2019int\u00e9r\u00eat pour les initiatives culturelles [&hellip;]","og_url":"https:\/\/www.uqac.ca\/uqactualites\/2026\/04\/17\/la-comedie-musicale-etudiante-blonde-et-legale-depasse-les-900-billets-vendus\/","og_site_name":"UQACtualit\u00e9s","article_published_time":"2026-04-17T19:50:55+00:00","article_modified_time":"2026-04-21T20:24:19+00:00","og_image":[{"width":1920,"height":1080,"url":"https:\/\/www.uqac.ca\/uqactualites\/wp-content\/uploads\/2026\/04\/A-la-une-UQACtualite-41.png","type":"image\/png"}],"author":"Service des communications et des relations publiques","twitter_card":"summary_large_image","twitter_misc":{"\u00c9crit par":"Service des communications et des relations publiques","Estimation du temps de lecture":"2 minutes"},"schema":{"@context":"https:\/\/schema.org","@graph":[{"@type":"WebPage","@id":"https:\/\/www.uqac.ca\/uqactualites\/2026\/04\/17\/la-comedie-musicale-etudiante-blonde-et-legale-depasse-les-900-billets-vendus\/","url":"https:\/\/www.uqac.ca\/uqactualites\/2026\/04\/17\/la-comedie-musicale-etudiante-blonde-et-legale-depasse-les-900-billets-vendus\/","name":"La com\u00e9die musicale \u00e9tudiante Blonde et l\u00e9gale d\u00e9passe les 900 billets vendus - UQACtualit\u00e9s","isPartOf":{"@id":"https:\/\/www.uqac.ca\/uqactualites\/#website"},"primaryImageOfPage":{"@id":"https:\/\/www.uqac.ca\/uqactualites\/2026\/04\/17\/la-comedie-musicale-etudiante-blonde-et-legale-depasse-les-900-billets-vendus\/#primaryimage"},"image":{"@id":"https:\/\/www.uqac.ca\/uqactualites\/2026\/04\/17\/la-comedie-musicale-etudiante-blonde-et-legale-depasse-les-900-billets-vendus\/#primaryimage"},"thumbnailUrl":"https:\/\/www.uqac.ca\/uqactualites\/wp-content\/uploads\/2026\/04\/A-la-une-UQACtualite-41.png","datePublished":"2026-04-17T19:50:55+00:00","dateModified":"2026-04-21T20:24:19+00:00","author":{"@id":"https:\/\/www.uqac.ca\/uqactualites\/#\/schema\/person\/366c45a0c4f0e677b41b4af5886e2018"},"breadcrumb":{"@id":"https:\/\/www.uqac.ca\/uqactualites\/2026\/04\/17\/la-comedie-musicale-etudiante-blonde-et-legale-depasse-les-900-billets-vendus\/#breadcrumb"},"inLanguage":"fr-CA","potentialAction":[{"@type":"ReadAction","target":["https:\/\/www.uqac.ca\/uqactualites\/2026\/04\/17\/la-comedie-musicale-etudiante-blonde-et-legale-depasse-les-900-billets-vendus\/"]}]},{"@type":"ImageObject","inLanguage":"fr-CA","@id":"https:\/\/www.uqac.ca\/uqactualites\/2026\/04\/17\/la-comedie-musicale-etudiante-blonde-et-legale-depasse-les-900-billets-vendus\/#primaryimage","url":"https:\/\/www.uqac.ca\/uqactualites\/wp-content\/uploads\/2026\/04\/A-la-une-UQACtualite-41.png","contentUrl":"https:\/\/www.uqac.ca\/uqactualites\/wp-content\/uploads\/2026\/04\/A-la-une-UQACtualite-41.png","width":1920,"height":1080,"caption":"Cr\u00e9dit: Anastasia\u2019s photos"},{"@type":"BreadcrumbList","@id":"https:\/\/www.uqac.ca\/uqactualites\/2026\/04\/17\/la-comedie-musicale-etudiante-blonde-et-legale-depasse-les-900-billets-vendus\/#breadcrumb","itemListElement":[{"@type":"ListItem","position":1,"name":"Home","item":"https:\/\/www.uqac.ca\/uqactualites\/"},{"@type":"ListItem","position":2,"name":"La com\u00e9die musicale \u00e9tudiante Blonde et l\u00e9gale d\u00e9passe les 900 billets vendus"}]},{"@type":"WebSite","@id":"https:\/\/www.uqac.ca\/uqactualites\/#website","url":"https:\/\/www.uqac.ca\/uqactualites\/","name":"UQACtualit\u00e9s","description":"Le portail des nouvelles de l&#039;UQAC","potentialAction":[{"@type":"SearchAction","target":{"@type":"EntryPoint","urlTemplate":"https:\/\/www.uqac.ca\/uqactualites\/?s={search_term_string}"},"query-input":{"@type":"PropertyValueSpecification","valueRequired":true,"valueName":"search_term_string"}}],"inLanguage":"fr-CA"},{"@type":"Person","@id":"https:\/\/www.uqac.ca\/uqactualites\/#\/schema\/person\/366c45a0c4f0e677b41b4af5886e2018","name":"Service des communications et des relations publiques","image":{"@type":"ImageObject","inLanguage":"fr-CA","@id":"https:\/\/www.uqac.ca\/uqactualites\/#\/schema\/person\/image\/","url":"https:\/\/secure.gravatar.com\/avatar\/20fbbda8a292f59f2d3461a5b999c00b?s=96&d=mm&r=g","contentUrl":"https:\/\/secure.gravatar.com\/avatar\/20fbbda8a292f59f2d3461a5b999c00b?s=96&d=mm&r=g","caption":"Service des communications et des relations publiques"},"url":"https:\/\/www.uqac.ca\/uqactualites\/author\/bap\/"}]}},"_links":{"self":[{"href":"https:\/\/www.uqac.ca\/uqactualites\/wp-json\/wp\/v2\/posts\/54494"}],"collection":[{"href":"https:\/\/www.uqac.ca\/uqactualites\/wp-json\/wp\/v2\/posts"}],"about":[{"href":"https:\/\/www.uqac.ca\/uqactualites\/wp-json\/wp\/v2\/types\/post"}],"author":[{"embeddable":true,"href":"https:\/\/www.uqac.ca\/uqactualites\/wp-json\/wp\/v2\/users\/5"}],"replies":[{"embeddable":true,"href":"https:\/\/www.uqac.ca\/uqactualites\/wp-json\/wp\/v2\/comments?post=54494"}],"version-history":[{"count":1,"href":"https:\/\/www.uqac.ca\/uqactualites\/wp-json\/wp\/v2\/posts\/54494\/revisions"}],"predecessor-version":[{"id":54501,"href":"https:\/\/www.uqac.ca\/uqactualites\/wp-json\/wp\/v2\/posts\/54494\/revisions\/54501"}],"wp:featuredmedia":[{"embeddable":true,"href":"https:\/\/www.uqac.ca\/uqactualites\/wp-json\/wp\/v2\/media\/54496"}],"wp:attachment":[{"href":"https:\/\/www.uqac.ca\/uqactualites\/wp-json\/wp\/v2\/media?parent=54494"}],"wp:term":[{"taxonomy":"category","embeddable":true,"href":"https:\/\/www.uqac.ca\/uqactualites\/wp-json\/wp\/v2\/categories?post=54494"},{"taxonomy":"post_tag","embeddable":true,"href":"https:\/\/www.uqac.ca\/uqactualites\/wp-json\/wp\/v2\/tags?post=54494"}],"curies":[{"name":"wp","href":"https:\/\/api.w.org\/{rel}","templated":true}]}}