{"id":54510,"date":"2026-04-24T08:21:25","date_gmt":"2026-04-24T12:21:25","guid":{"rendered":"https:\/\/www.uqac.ca\/uqactualites\/?p=54510"},"modified":"2026-04-24T11:46:48","modified_gmt":"2026-04-24T15:46:48","slug":"le-gala-des-inuk-2026-souligne-lexcellence-et-lengagement-sportifs","status":"publish","type":"post","link":"https:\/\/www.uqac.ca\/uqactualites\/2026\/04\/24\/le-gala-des-inuk-2026-souligne-lexcellence-et-lengagement-sportifs\/","title":{"rendered":"Le Gala des Inuk 2026 souligne l\u2019excellence et l\u2019engagement sportifs"},"content":{"rendered":"<div>\n<p>Le vendredi 17 avril 2026, l\u2019UQAC a soulign\u00e9 avec fiert\u00e9 l\u2019engagement et les performances remarquables de ses \u00e9tudiantes et \u00e9tudiants athl\u00e8tes lors du Gala des Inuk, pr\u00e9sent\u00e9 dans le cadre des F\u00eates de la reconnaissance.<\/p>\n<p>La soir\u00e9e a permis de mettre en lumi\u00e8re les valeurs fondamentales du sport universitaire \u00e0 l\u2019UQAC : l\u2019excellence, l\u2019\u00e9thique sportive, l\u2019esprit d\u2019\u00e9quipe et l\u2019implication. En pr\u00e9sence de membres de la direction de l\u2019Universit\u00e9, de la Fondation de l\u2019UQAC, de partenaires, d\u2019entra\u00eeneuses et d\u2019entra\u00eeneurs, ainsi que de membres du personnel de soutien, de nombreuses distinctions ont \u00e9t\u00e9 remises afin de reconna\u00eetre les r\u00e9alisations sportives, l\u2019engagement soutenu et l\u2019excellence acad\u00e9mique au sein du programme Inuk. Un hommage particulier a \u00e9galement \u00e9t\u00e9 rendu aux finissantes et finissants, dont le parcours t\u00e9moigne d\u2019une conciliation inspirante entre \u00e9tudes universitaires et sport de haut niveau, incarnant pleinement l\u2019esprit Inuk.<\/p>\n<p>Par cet \u00e9v\u00e9nement de reconnaissance, l\u2019UQAC r\u00e9affirme son engagement \u00e0 valoriser le d\u00e9veloppement global des \u00e9tudiantes et \u00e9tudiants athl\u00e8tes et \u00e0 faire rayonner le sport universitaire au sein de son milieu.<\/p>\n<div class=\"td-paragraph-padding-2 td-paragraph-padding-5\">\n<p>&nbsp;<\/p>\n<hr \/>\n<\/div>\n<\/div>\n<h5 style=\"text-align: center;\"><strong><br \/>\n<\/strong>Le sport universitaire \u00e0 l\u2019honneur en balado<\/h5>\n<div style=\"text-align: center;\">\n<p style=\"text-align: left;\"><a href=\"https:\/\/www.uqac.ca\/uqactualites\/wp-content\/uploads\/2026\/04\/podcast-INUK-mduhaime-h26-1.jpg\"><img loading=\"lazy\" decoding=\"async\" class=\"alignleft wp-image-54607 size-medium\" src=\"https:\/\/www.uqac.ca\/uqactualites\/wp-content\/uploads\/2026\/04\/podcast-INUK-mduhaime-h26-1-300x168.jpg\" alt=\"\" width=\"300\" height=\"168\" srcset=\"https:\/\/www.uqac.ca\/uqactualites\/wp-content\/uploads\/2026\/04\/podcast-INUK-mduhaime-h26-1-300x168.jpg 300w, https:\/\/www.uqac.ca\/uqactualites\/wp-content\/uploads\/2026\/04\/podcast-INUK-mduhaime-h26-1-1024x574.jpg 1024w, https:\/\/www.uqac.ca\/uqactualites\/wp-content\/uploads\/2026\/04\/podcast-INUK-mduhaime-h26-1-768x431.jpg 768w, https:\/\/www.uqac.ca\/uqactualites\/wp-content\/uploads\/2026\/04\/podcast-INUK-mduhaime-h26-1-1536x862.jpg 1536w, https:\/\/www.uqac.ca\/uqactualites\/wp-content\/uploads\/2026\/04\/podcast-INUK-mduhaime-h26-1-150x84.jpg 150w, https:\/\/www.uqac.ca\/uqactualites\/wp-content\/uploads\/2026\/04\/podcast-INUK-mduhaime-h26-1-696x390.jpg 696w, https:\/\/www.uqac.ca\/uqactualites\/wp-content\/uploads\/2026\/04\/podcast-INUK-mduhaime-h26-1-1068x599.jpg 1068w, https:\/\/www.uqac.ca\/uqactualites\/wp-content\/uploads\/2026\/04\/podcast-INUK-mduhaime-h26-1.jpg 1920w\" sizes=\"(max-width: 300px) 100vw, 300px\" \/><\/a>Dans le cadre des <a href=\"https:\/\/www.uqac.ca\/reconnaissance\/\">F\u00eates de la reconnaissance 2026<\/a>, l\u2019UQAC a \u00e9galement propos\u00e9 l&rsquo;enregistrement devant public d&rsquo;un \u00e9pisode sp\u00e9cial Inuk du <a href=\"https:\/\/open.spotify.com\/show\/5B6ZE9SfEmXahWfE2sTkbE\">balado <em>Sans d\u00e9tour<\/em><\/a>, propuls\u00e9 par les <a href=\"http:\/\/sae.uqac.ca\">Services aux \u00e9tudiants<\/a>. Pour cet \u00e9pisode sp\u00e9cial, <a href=\"https:\/\/www.uqac.ca\/reconnaissance\/balado-inuk\/\">L\u00e9na Carranante<\/a>, \u00e9tudiante-athl\u00e8te au sein de l\u2019\u00e9quipe de volleyball f\u00e9minin division\u202f1 des Inuk, et <a href=\"https:\/\/www.uqac.ca\/reconnaissance\/balado-inuk\/\">Andrea Maksimovic<\/a>, entra\u00eeneuse adjointe de cette m\u00eame \u00e9quipe, ont partag\u00e9 leur parcours, leur engagement et leur perspective compl\u00e9mentaire sur la r\u00e9alit\u00e9 du sport universitaire. Les \u00e9changes ont notamment port\u00e9 sur la conciliation entre \u00e9tudes et performance sportive, le d\u00e9veloppement des athl\u00e8tes et l\u2019importance de l\u2019encadrement au sein du programme d&rsquo;excellence sportive et acad\u00e9mique de l&rsquo;UQAC.<\/p>\n<p><span class=\"td_btn td_btn_sm td_default_btn td_btn_md\" style=\"color: #ffffff;\"><a style=\"color: #ffffff;\" href=\"https:\/\/rss.com\/podcasts\/sans-detour-podcast\/2764301\/?listen-on=truetudiant-athl\u00e8te : ce qu\u2019on ne voit pas du sport d\u2019excellence | Podcast Episode on RSS.com Derri\u00e8re les matchs, les entra\u00eenements et les victoires, il y a une r\u00e9alit\u00e9 qu\u2019on voit rarement. Dans cet \u00e9pisode, L\u00e9na Carranante, \u00e9tudiante-athl\u00e8te des Inuk, et Andrea Maksimovic, entra\u00eeneuse adj...\">\u00c9coutez le balado<\/a><\/span><\/p>\n<div class=\"td-paragraph-padding-2\">\n<div class=\"td-paragraph-padding-1 td-paragraph-padding-5\">\n<hr \/>\n<\/div>\n<\/div>\n<\/div>\n<p>&nbsp;<\/p>\n<p><span style=\"color: #808080;\"><strong>Sur la photo \u00e0 la une :<\/strong> Les r\u00e9cipiendaires des distinctions d\u2019excellence acad\u00e9mique, remise aux athl\u00e8tes en reconnaissance de l\u2019excellence de leur dossier scolaire, accompagn\u00e9s du vice-recteur aux \u00e9tudes, \u00e0 la formation et \u00e0 la r\u00e9ussite, \u00c9tienne H\u00e9bert, ainsi que de Daniel Tremblay, professeur et repr\u00e9sentant acad\u00e9mique au sein du comit\u00e9 de relance du sport universitaire<\/span><br \/>\n<span style=\"color: #808080;\"><strong>Cr\u00e9dit :<\/strong> Danny Fillion Photographie<\/span><\/p>\n","protected":false},"excerpt":{"rendered":"<p>Le vendredi 17 avril 2026, l\u2019UQAC a soulign\u00e9 avec fiert\u00e9 l\u2019engagement et les performances remarquables de ses \u00e9tudiantes et \u00e9tudiants athl\u00e8tes lors du Gala des Inuk, pr\u00e9sent\u00e9 dans le cadre des F\u00eates de la reconnaissance. La soir\u00e9e a permis de mettre en lumi\u00e8re les valeurs fondamentales du sport universitaire \u00e0 l\u2019UQAC : l\u2019excellence, l\u2019\u00e9thique sportive, [&hellip;]<\/p>\n","protected":false},"author":5,"featured_media":54512,"comment_status":"closed","ping_status":"open","sticky":false,"template":"","format":"standard","meta":{"footnotes":""},"categories":[2,61,2773],"tags":[],"yoast_head":"<!-- This site is optimized with the Yoast SEO plugin v24.2 - https:\/\/yoast.com\/wordpress\/plugins\/seo\/ -->\r\n<title>Le Gala des Inuk 2026 souligne l\u2019excellence et l\u2019engagement sportifs - UQACtualit\u00e9s<\/title>\r\n<meta name=\"robots\" content=\"index, follow, max-snippet:-1, max-image-preview:large, max-video-preview:-1\" \/>\r\n<link rel=\"canonical\" href=\"https:\/\/www.uqac.ca\/uqactualites\/2026\/04\/24\/le-gala-des-inuk-2026-souligne-lexcellence-et-lengagement-sportifs\/\" \/>\r\n<meta property=\"og:locale\" content=\"fr_CA\" \/>\r\n<meta property=\"og:type\" content=\"article\" \/>\r\n<meta property=\"og:title\" content=\"Le Gala des Inuk 2026 souligne l\u2019excellence et l\u2019engagement sportifs - UQACtualit\u00e9s\" \/>\r\n<meta property=\"og:description\" content=\"Le vendredi 17 avril 2026, l\u2019UQAC a soulign\u00e9 avec fiert\u00e9 l\u2019engagement et les performances remarquables de ses \u00e9tudiantes et \u00e9tudiants athl\u00e8tes lors du Gala des Inuk, pr\u00e9sent\u00e9 dans le cadre des F\u00eates de la reconnaissance. La soir\u00e9e a permis de mettre en lumi\u00e8re les valeurs fondamentales du sport universitaire \u00e0 l\u2019UQAC : l\u2019excellence, l\u2019\u00e9thique sportive, [&hellip;]\" \/>\r\n<meta property=\"og:url\" content=\"https:\/\/www.uqac.ca\/uqactualites\/2026\/04\/24\/le-gala-des-inuk-2026-souligne-lexcellence-et-lengagement-sportifs\/\" \/>\r\n<meta property=\"og:site_name\" content=\"UQACtualit\u00e9s\" \/>\r\n<meta property=\"article:published_time\" content=\"2026-04-24T12:21:25+00:00\" \/>\r\n<meta property=\"article:modified_time\" content=\"2026-04-24T15:46:48+00:00\" \/>\r\n<meta property=\"og:image\" content=\"https:\/\/www.uqac.ca\/uqactualites\/wp-content\/uploads\/2026\/04\/1Y2A7641-scaled.jpg\" \/>\r\n\t<meta property=\"og:image:width\" content=\"2560\" \/>\r\n\t<meta property=\"og:image:height\" content=\"1158\" \/>\r\n\t<meta property=\"og:image:type\" content=\"image\/jpeg\" \/>\r\n<meta name=\"author\" content=\"Service des communications et des relations publiques\" \/>\r\n<meta name=\"twitter:card\" content=\"summary_large_image\" \/>\r\n<meta name=\"twitter:label1\" content=\"\u00c9crit par\" \/>\n\t<meta name=\"twitter:data1\" content=\"Service des communications et des relations publiques\" \/>\n\t<meta name=\"twitter:label2\" content=\"Estimation du temps de lecture\" \/>\n\t<meta name=\"twitter:data2\" content=\"3 minutes\" \/>\r\n<script type=\"application\/ld+json\" class=\"yoast-schema-graph\">{\"@context\":\"https:\/\/schema.org\",\"@graph\":[{\"@type\":\"WebPage\",\"@id\":\"https:\/\/www.uqac.ca\/uqactualites\/2026\/04\/24\/le-gala-des-inuk-2026-souligne-lexcellence-et-lengagement-sportifs\/\",\"url\":\"https:\/\/www.uqac.ca\/uqactualites\/2026\/04\/24\/le-gala-des-inuk-2026-souligne-lexcellence-et-lengagement-sportifs\/\",\"name\":\"Le Gala des Inuk 2026 souligne l\u2019excellence et l\u2019engagement sportifs - UQACtualit\u00e9s\",\"isPartOf\":{\"@id\":\"https:\/\/www.uqac.ca\/uqactualites\/#website\"},\"primaryImageOfPage\":{\"@id\":\"https:\/\/www.uqac.ca\/uqactualites\/2026\/04\/24\/le-gala-des-inuk-2026-souligne-lexcellence-et-lengagement-sportifs\/#primaryimage\"},\"image\":{\"@id\":\"https:\/\/www.uqac.ca\/uqactualites\/2026\/04\/24\/le-gala-des-inuk-2026-souligne-lexcellence-et-lengagement-sportifs\/#primaryimage\"},\"thumbnailUrl\":\"https:\/\/www.uqac.ca\/uqactualites\/wp-content\/uploads\/2026\/04\/1Y2A7641-scaled.jpg\",\"datePublished\":\"2026-04-24T12:21:25+00:00\",\"dateModified\":\"2026-04-24T15:46:48+00:00\",\"author\":{\"@id\":\"https:\/\/www.uqac.ca\/uqactualites\/#\/schema\/person\/366c45a0c4f0e677b41b4af5886e2018\"},\"breadcrumb\":{\"@id\":\"https:\/\/www.uqac.ca\/uqactualites\/2026\/04\/24\/le-gala-des-inuk-2026-souligne-lexcellence-et-lengagement-sportifs\/#breadcrumb\"},\"inLanguage\":\"fr-CA\",\"potentialAction\":[{\"@type\":\"ReadAction\",\"target\":[\"https:\/\/www.uqac.ca\/uqactualites\/2026\/04\/24\/le-gala-des-inuk-2026-souligne-lexcellence-et-lengagement-sportifs\/\"]}]},{\"@type\":\"ImageObject\",\"inLanguage\":\"fr-CA\",\"@id\":\"https:\/\/www.uqac.ca\/uqactualites\/2026\/04\/24\/le-gala-des-inuk-2026-souligne-lexcellence-et-lengagement-sportifs\/#primaryimage\",\"url\":\"https:\/\/www.uqac.ca\/uqactualites\/wp-content\/uploads\/2026\/04\/1Y2A7641-scaled.jpg\",\"contentUrl\":\"https:\/\/www.uqac.ca\/uqactualites\/wp-content\/uploads\/2026\/04\/1Y2A7641-scaled.jpg\",\"width\":2560,\"height\":1158},{\"@type\":\"BreadcrumbList\",\"@id\":\"https:\/\/www.uqac.ca\/uqactualites\/2026\/04\/24\/le-gala-des-inuk-2026-souligne-lexcellence-et-lengagement-sportifs\/#breadcrumb\",\"itemListElement\":[{\"@type\":\"ListItem\",\"position\":1,\"name\":\"Home\",\"item\":\"https:\/\/www.uqac.ca\/uqactualites\/\"},{\"@type\":\"ListItem\",\"position\":2,\"name\":\"Le Gala des Inuk 2026 souligne l\u2019excellence et l\u2019engagement sportifs\"}]},{\"@type\":\"WebSite\",\"@id\":\"https:\/\/www.uqac.ca\/uqactualites\/#website\",\"url\":\"https:\/\/www.uqac.ca\/uqactualites\/\",\"name\":\"UQACtualit\u00e9s\",\"description\":\"Le portail des nouvelles de l&#039;UQAC\",\"potentialAction\":[{\"@type\":\"SearchAction\",\"target\":{\"@type\":\"EntryPoint\",\"urlTemplate\":\"https:\/\/www.uqac.ca\/uqactualites\/?s={search_term_string}\"},\"query-input\":{\"@type\":\"PropertyValueSpecification\",\"valueRequired\":true,\"valueName\":\"search_term_string\"}}],\"inLanguage\":\"fr-CA\"},{\"@type\":\"Person\",\"@id\":\"https:\/\/www.uqac.ca\/uqactualites\/#\/schema\/person\/366c45a0c4f0e677b41b4af5886e2018\",\"name\":\"Service des communications et des relations publiques\",\"image\":{\"@type\":\"ImageObject\",\"inLanguage\":\"fr-CA\",\"@id\":\"https:\/\/www.uqac.ca\/uqactualites\/#\/schema\/person\/image\/\",\"url\":\"https:\/\/secure.gravatar.com\/avatar\/20fbbda8a292f59f2d3461a5b999c00b?s=96&d=mm&r=g\",\"contentUrl\":\"https:\/\/secure.gravatar.com\/avatar\/20fbbda8a292f59f2d3461a5b999c00b?s=96&d=mm&r=g\",\"caption\":\"Service des communications et des relations publiques\"},\"url\":\"https:\/\/www.uqac.ca\/uqactualites\/author\/bap\/\"}]}<\/script>\r\n<!-- \/ Yoast SEO plugin. -->","yoast_head_json":{"title":"Le Gala des Inuk 2026 souligne l\u2019excellence et l\u2019engagement sportifs - UQACtualit\u00e9s","robots":{"index":"index","follow":"follow","max-snippet":"max-snippet:-1","max-image-preview":"max-image-preview:large","max-video-preview":"max-video-preview:-1"},"canonical":"https:\/\/www.uqac.ca\/uqactualites\/2026\/04\/24\/le-gala-des-inuk-2026-souligne-lexcellence-et-lengagement-sportifs\/","og_locale":"fr_CA","og_type":"article","og_title":"Le Gala des Inuk 2026 souligne l\u2019excellence et l\u2019engagement sportifs - UQACtualit\u00e9s","og_description":"Le vendredi 17 avril 2026, l\u2019UQAC a soulign\u00e9 avec fiert\u00e9 l\u2019engagement et les performances remarquables de ses \u00e9tudiantes et \u00e9tudiants athl\u00e8tes lors du Gala des Inuk, pr\u00e9sent\u00e9 dans le cadre des F\u00eates de la reconnaissance. La soir\u00e9e a permis de mettre en lumi\u00e8re les valeurs fondamentales du sport universitaire \u00e0 l\u2019UQAC : l\u2019excellence, l\u2019\u00e9thique sportive, [&hellip;]","og_url":"https:\/\/www.uqac.ca\/uqactualites\/2026\/04\/24\/le-gala-des-inuk-2026-souligne-lexcellence-et-lengagement-sportifs\/","og_site_name":"UQACtualit\u00e9s","article_published_time":"2026-04-24T12:21:25+00:00","article_modified_time":"2026-04-24T15:46:48+00:00","og_image":[{"width":2560,"height":1158,"url":"https:\/\/www.uqac.ca\/uqactualites\/wp-content\/uploads\/2026\/04\/1Y2A7641-scaled.jpg","type":"image\/jpeg"}],"author":"Service des communications et des relations publiques","twitter_card":"summary_large_image","twitter_misc":{"\u00c9crit par":"Service des communications et des relations publiques","Estimation du temps de lecture":"3 minutes"},"schema":{"@context":"https:\/\/schema.org","@graph":[{"@type":"WebPage","@id":"https:\/\/www.uqac.ca\/uqactualites\/2026\/04\/24\/le-gala-des-inuk-2026-souligne-lexcellence-et-lengagement-sportifs\/","url":"https:\/\/www.uqac.ca\/uqactualites\/2026\/04\/24\/le-gala-des-inuk-2026-souligne-lexcellence-et-lengagement-sportifs\/","name":"Le Gala des Inuk 2026 souligne l\u2019excellence et l\u2019engagement sportifs - UQACtualit\u00e9s","isPartOf":{"@id":"https:\/\/www.uqac.ca\/uqactualites\/#website"},"primaryImageOfPage":{"@id":"https:\/\/www.uqac.ca\/uqactualites\/2026\/04\/24\/le-gala-des-inuk-2026-souligne-lexcellence-et-lengagement-sportifs\/#primaryimage"},"image":{"@id":"https:\/\/www.uqac.ca\/uqactualites\/2026\/04\/24\/le-gala-des-inuk-2026-souligne-lexcellence-et-lengagement-sportifs\/#primaryimage"},"thumbnailUrl":"https:\/\/www.uqac.ca\/uqactualites\/wp-content\/uploads\/2026\/04\/1Y2A7641-scaled.jpg","datePublished":"2026-04-24T12:21:25+00:00","dateModified":"2026-04-24T15:46:48+00:00","author":{"@id":"https:\/\/www.uqac.ca\/uqactualites\/#\/schema\/person\/366c45a0c4f0e677b41b4af5886e2018"},"breadcrumb":{"@id":"https:\/\/www.uqac.ca\/uqactualites\/2026\/04\/24\/le-gala-des-inuk-2026-souligne-lexcellence-et-lengagement-sportifs\/#breadcrumb"},"inLanguage":"fr-CA","potentialAction":[{"@type":"ReadAction","target":["https:\/\/www.uqac.ca\/uqactualites\/2026\/04\/24\/le-gala-des-inuk-2026-souligne-lexcellence-et-lengagement-sportifs\/"]}]},{"@type":"ImageObject","inLanguage":"fr-CA","@id":"https:\/\/www.uqac.ca\/uqactualites\/2026\/04\/24\/le-gala-des-inuk-2026-souligne-lexcellence-et-lengagement-sportifs\/#primaryimage","url":"https:\/\/www.uqac.ca\/uqactualites\/wp-content\/uploads\/2026\/04\/1Y2A7641-scaled.jpg","contentUrl":"https:\/\/www.uqac.ca\/uqactualites\/wp-content\/uploads\/2026\/04\/1Y2A7641-scaled.jpg","width":2560,"height":1158},{"@type":"BreadcrumbList","@id":"https:\/\/www.uqac.ca\/uqactualites\/2026\/04\/24\/le-gala-des-inuk-2026-souligne-lexcellence-et-lengagement-sportifs\/#breadcrumb","itemListElement":[{"@type":"ListItem","position":1,"name":"Home","item":"https:\/\/www.uqac.ca\/uqactualites\/"},{"@type":"ListItem","position":2,"name":"Le Gala des Inuk 2026 souligne l\u2019excellence et l\u2019engagement sportifs"}]},{"@type":"WebSite","@id":"https:\/\/www.uqac.ca\/uqactualites\/#website","url":"https:\/\/www.uqac.ca\/uqactualites\/","name":"UQACtualit\u00e9s","description":"Le portail des nouvelles de l&#039;UQAC","potentialAction":[{"@type":"SearchAction","target":{"@type":"EntryPoint","urlTemplate":"https:\/\/www.uqac.ca\/uqactualites\/?s={search_term_string}"},"query-input":{"@type":"PropertyValueSpecification","valueRequired":true,"valueName":"search_term_string"}}],"inLanguage":"fr-CA"},{"@type":"Person","@id":"https:\/\/www.uqac.ca\/uqactualites\/#\/schema\/person\/366c45a0c4f0e677b41b4af5886e2018","name":"Service des communications et des relations publiques","image":{"@type":"ImageObject","inLanguage":"fr-CA","@id":"https:\/\/www.uqac.ca\/uqactualites\/#\/schema\/person\/image\/","url":"https:\/\/secure.gravatar.com\/avatar\/20fbbda8a292f59f2d3461a5b999c00b?s=96&d=mm&r=g","contentUrl":"https:\/\/secure.gravatar.com\/avatar\/20fbbda8a292f59f2d3461a5b999c00b?s=96&d=mm&r=g","caption":"Service des communications et des relations publiques"},"url":"https:\/\/www.uqac.ca\/uqactualites\/author\/bap\/"}]}},"_links":{"self":[{"href":"https:\/\/www.uqac.ca\/uqactualites\/wp-json\/wp\/v2\/posts\/54510"}],"collection":[{"href":"https:\/\/www.uqac.ca\/uqactualites\/wp-json\/wp\/v2\/posts"}],"about":[{"href":"https:\/\/www.uqac.ca\/uqactualites\/wp-json\/wp\/v2\/types\/post"}],"author":[{"embeddable":true,"href":"https:\/\/www.uqac.ca\/uqactualites\/wp-json\/wp\/v2\/users\/5"}],"replies":[{"embeddable":true,"href":"https:\/\/www.uqac.ca\/uqactualites\/wp-json\/wp\/v2\/comments?post=54510"}],"version-history":[{"count":18,"href":"https:\/\/www.uqac.ca\/uqactualites\/wp-json\/wp\/v2\/posts\/54510\/revisions"}],"predecessor-version":[{"id":54636,"href":"https:\/\/www.uqac.ca\/uqactualites\/wp-json\/wp\/v2\/posts\/54510\/revisions\/54636"}],"wp:featuredmedia":[{"embeddable":true,"href":"https:\/\/www.uqac.ca\/uqactualites\/wp-json\/wp\/v2\/media\/54512"}],"wp:attachment":[{"href":"https:\/\/www.uqac.ca\/uqactualites\/wp-json\/wp\/v2\/media?parent=54510"}],"wp:term":[{"taxonomy":"category","embeddable":true,"href":"https:\/\/www.uqac.ca\/uqactualites\/wp-json\/wp\/v2\/categories?post=54510"},{"taxonomy":"post_tag","embeddable":true,"href":"https:\/\/www.uqac.ca\/uqactualites\/wp-json\/wp\/v2\/tags?post=54510"}],"curies":[{"name":"wp","href":"https:\/\/api.w.org\/{rel}","templated":true}]}}