{"id":54529,"date":"2026-04-22T14:11:35","date_gmt":"2026-04-22T18:11:35","guid":{"rendered":"https:\/\/www.uqac.ca\/uqactualites\/?p=54529"},"modified":"2026-04-22T14:55:32","modified_gmt":"2026-04-22T18:55:32","slug":"le-professeur-dominic-bizot-nomme-au-conseil-des-etudes-de-luniversite-du-quebec","status":"publish","type":"post","link":"https:\/\/www.uqac.ca\/uqactualites\/2026\/04\/22\/le-professeur-dominic-bizot-nomme-au-conseil-des-etudes-de-luniversite-du-quebec\/","title":{"rendered":"Le professeur Dominic Bizot nomm\u00e9 au conseil des \u00e9tudes de l&rsquo;Universit\u00e9 du Qu\u00e9bec"},"content":{"rendered":"<p>L\u2019Assembl\u00e9e des gouverneurs de l\u2019Universit\u00e9 du Qu\u00e9bec (UQ) a proc\u00e9d\u00e9, le 22 avril 2026, \u00e0 la nomination de Dominic Bizot au conseil des \u00e9tudes \u00e0 titre de repr\u00e9sentant du corps professoral pour un mandat de trois ans.<\/p>\n<p>Professeur titulaire en travail social \u00e0 l&rsquo;UQAC, Dominic Bizot a d\u00e9velopp\u00e9 au fil des ann\u00e9es une expertise reconnue en gouvernance acad\u00e9mique, en d\u00e9veloppement de programmes et en r\u00e9flexion strat\u00e9gique sur la formation universitaire \u00e0 l\u2019\u00e9chelle du r\u00e9seau de l\u2019Universit\u00e9 du Qu\u00e9bec. Directeur de l&rsquo;Unit\u00e9 d&rsquo;enseignement en travail social (UETS) depuis 2016 et directeur du <a href=\"https:\/\/www.uqac.ca\/dshs\/\" target=\"_blank\" rel=\"noopener\">D\u00e9partement des sciences humaines et sociales (DSHS)<\/a> depuis 2023, il a occup\u00e9 diverses fonctions qui lui ont permis de porter une lecture \u00e0 la fois syst\u00e9mique et transversale des enjeux de formation. Avec cette nomination, il rejoint l\u2019un des trois si\u00e8ges du conseil des \u00e9tudes r\u00e9serv\u00e9s \u00e0 des membres du corps professoral du r\u00e9seau de l\u2019UQ.<\/p>\n<p>Par son parcours, Dominic Bizot a contribu\u00e9 \u00e0 la cr\u00e9ation, \u00e0 la transformation et \u00e0 l\u2019agr\u00e9ment de programmes, au d\u00e9veloppement de cohortes r\u00e9gionales et interr\u00e9gionales, ainsi qu\u2019\u00e0 la mise en place de dispositifs p\u00e9dagogiques favorisant des liens \u00e9troits entre formation, recherche et milieux de pratique. Ses travaux en recherche partenariale nourrissent \u00e9galement une r\u00e9flexion constante sur l\u2019innovation p\u00e9dagogique, l\u2019\u00e9quit\u00e9, l\u2019inclusion et l\u2019autochtonisation des savoirs. Sa nomination t\u00e9moigne d\u2019un engagement clair envers une formation universitaire coh\u00e9rente, accessible, ancr\u00e9e dans les r\u00e9alit\u00e9s territoriales et attentive aux besoins des collectivit\u00e9s.<\/p>\n<p>F\u00e9licitations au professeur Bizot pour cette nomination. Nous lui souhaitons plein succ\u00e8s dans l\u2019exercice de ce mandat.<\/p>\n","protected":false},"excerpt":{"rendered":"<p>L\u2019Assembl\u00e9e des gouverneurs de l\u2019Universit\u00e9 du Qu\u00e9bec (UQ) a proc\u00e9d\u00e9, le 22 avril 2026, \u00e0 la nomination de Dominic Bizot au conseil des \u00e9tudes \u00e0 titre de repr\u00e9sentant du corps professoral pour un mandat de trois ans. Professeur titulaire en travail social \u00e0 l&rsquo;UQAC, Dominic Bizot a d\u00e9velopp\u00e9 au fil des ann\u00e9es une expertise reconnue [&hellip;]<\/p>\n","protected":false},"author":5,"featured_media":54532,"comment_status":"closed","ping_status":"open","sticky":false,"template":"","format":"standard","meta":{"footnotes":""},"categories":[2795,2,15],"tags":[22,3031],"yoast_head":"<!-- This site is optimized with the Yoast SEO plugin v24.2 - https:\/\/yoast.com\/wordpress\/plugins\/seo\/ -->\r\n<title>Le professeur Dominic Bizot nomm\u00e9 au conseil des \u00e9tudes de l&#039;Universit\u00e9 du Qu\u00e9bec - UQACtualit\u00e9s<\/title>\r\n<meta name=\"robots\" content=\"index, follow, max-snippet:-1, max-image-preview:large, max-video-preview:-1\" \/>\r\n<link rel=\"canonical\" href=\"https:\/\/www.uqac.ca\/uqactualites\/2026\/04\/22\/le-professeur-dominic-bizot-nomme-au-conseil-des-etudes-de-luniversite-du-quebec\/\" \/>\r\n<meta property=\"og:locale\" content=\"fr_CA\" \/>\r\n<meta property=\"og:type\" content=\"article\" \/>\r\n<meta property=\"og:title\" content=\"Le professeur Dominic Bizot nomm\u00e9 au conseil des \u00e9tudes de l&#039;Universit\u00e9 du Qu\u00e9bec - UQACtualit\u00e9s\" \/>\r\n<meta property=\"og:description\" content=\"L\u2019Assembl\u00e9e des gouverneurs de l\u2019Universit\u00e9 du Qu\u00e9bec (UQ) a proc\u00e9d\u00e9, le 22 avril 2026, \u00e0 la nomination de Dominic Bizot au conseil des \u00e9tudes \u00e0 titre de repr\u00e9sentant du corps professoral pour un mandat de trois ans. Professeur titulaire en travail social \u00e0 l&rsquo;UQAC, Dominic Bizot a d\u00e9velopp\u00e9 au fil des ann\u00e9es une expertise reconnue [&hellip;]\" \/>\r\n<meta property=\"og:url\" content=\"https:\/\/www.uqac.ca\/uqactualites\/2026\/04\/22\/le-professeur-dominic-bizot-nomme-au-conseil-des-etudes-de-luniversite-du-quebec\/\" \/>\r\n<meta property=\"og:site_name\" content=\"UQACtualit\u00e9s\" \/>\r\n<meta property=\"article:published_time\" content=\"2026-04-22T18:11:35+00:00\" \/>\r\n<meta property=\"article:modified_time\" content=\"2026-04-22T18:55:32+00:00\" \/>\r\n<meta property=\"og:image\" content=\"https:\/\/www.uqac.ca\/uqactualites\/wp-content\/uploads\/2026\/04\/A-la-une-UQACtualite-43.png\" \/>\r\n\t<meta property=\"og:image:width\" content=\"1920\" \/>\r\n\t<meta property=\"og:image:height\" content=\"1080\" \/>\r\n\t<meta property=\"og:image:type\" content=\"image\/png\" \/>\r\n<meta name=\"author\" content=\"Service des communications et des relations publiques\" \/>\r\n<meta name=\"twitter:card\" content=\"summary_large_image\" \/>\r\n<meta name=\"twitter:label1\" content=\"\u00c9crit par\" \/>\n\t<meta name=\"twitter:data1\" content=\"Service des communications et des relations publiques\" \/>\n\t<meta name=\"twitter:label2\" content=\"Estimation du temps de lecture\" \/>\n\t<meta name=\"twitter:data2\" content=\"2 minutes\" \/>\r\n<script type=\"application\/ld+json\" class=\"yoast-schema-graph\">{\"@context\":\"https:\/\/schema.org\",\"@graph\":[{\"@type\":\"WebPage\",\"@id\":\"https:\/\/www.uqac.ca\/uqactualites\/2026\/04\/22\/le-professeur-dominic-bizot-nomme-au-conseil-des-etudes-de-luniversite-du-quebec\/\",\"url\":\"https:\/\/www.uqac.ca\/uqactualites\/2026\/04\/22\/le-professeur-dominic-bizot-nomme-au-conseil-des-etudes-de-luniversite-du-quebec\/\",\"name\":\"Le professeur Dominic Bizot nomm\u00e9 au conseil des \u00e9tudes de l'Universit\u00e9 du Qu\u00e9bec - UQACtualit\u00e9s\",\"isPartOf\":{\"@id\":\"https:\/\/www.uqac.ca\/uqactualites\/#website\"},\"primaryImageOfPage\":{\"@id\":\"https:\/\/www.uqac.ca\/uqactualites\/2026\/04\/22\/le-professeur-dominic-bizot-nomme-au-conseil-des-etudes-de-luniversite-du-quebec\/#primaryimage\"},\"image\":{\"@id\":\"https:\/\/www.uqac.ca\/uqactualites\/2026\/04\/22\/le-professeur-dominic-bizot-nomme-au-conseil-des-etudes-de-luniversite-du-quebec\/#primaryimage\"},\"thumbnailUrl\":\"https:\/\/www.uqac.ca\/uqactualites\/wp-content\/uploads\/2026\/04\/A-la-une-UQACtualite-43.png\",\"datePublished\":\"2026-04-22T18:11:35+00:00\",\"dateModified\":\"2026-04-22T18:55:32+00:00\",\"author\":{\"@id\":\"https:\/\/www.uqac.ca\/uqactualites\/#\/schema\/person\/366c45a0c4f0e677b41b4af5886e2018\"},\"breadcrumb\":{\"@id\":\"https:\/\/www.uqac.ca\/uqactualites\/2026\/04\/22\/le-professeur-dominic-bizot-nomme-au-conseil-des-etudes-de-luniversite-du-quebec\/#breadcrumb\"},\"inLanguage\":\"fr-CA\",\"potentialAction\":[{\"@type\":\"ReadAction\",\"target\":[\"https:\/\/www.uqac.ca\/uqactualites\/2026\/04\/22\/le-professeur-dominic-bizot-nomme-au-conseil-des-etudes-de-luniversite-du-quebec\/\"]}]},{\"@type\":\"ImageObject\",\"inLanguage\":\"fr-CA\",\"@id\":\"https:\/\/www.uqac.ca\/uqactualites\/2026\/04\/22\/le-professeur-dominic-bizot-nomme-au-conseil-des-etudes-de-luniversite-du-quebec\/#primaryimage\",\"url\":\"https:\/\/www.uqac.ca\/uqactualites\/wp-content\/uploads\/2026\/04\/A-la-une-UQACtualite-43.png\",\"contentUrl\":\"https:\/\/www.uqac.ca\/uqactualites\/wp-content\/uploads\/2026\/04\/A-la-une-UQACtualite-43.png\",\"width\":1920,\"height\":1080},{\"@type\":\"BreadcrumbList\",\"@id\":\"https:\/\/www.uqac.ca\/uqactualites\/2026\/04\/22\/le-professeur-dominic-bizot-nomme-au-conseil-des-etudes-de-luniversite-du-quebec\/#breadcrumb\",\"itemListElement\":[{\"@type\":\"ListItem\",\"position\":1,\"name\":\"Home\",\"item\":\"https:\/\/www.uqac.ca\/uqactualites\/\"},{\"@type\":\"ListItem\",\"position\":2,\"name\":\"Le professeur Dominic Bizot nomm\u00e9 au conseil des \u00e9tudes de l&rsquo;Universit\u00e9 du Qu\u00e9bec\"}]},{\"@type\":\"WebSite\",\"@id\":\"https:\/\/www.uqac.ca\/uqactualites\/#website\",\"url\":\"https:\/\/www.uqac.ca\/uqactualites\/\",\"name\":\"UQACtualit\u00e9s\",\"description\":\"Le portail des nouvelles de l&#039;UQAC\",\"potentialAction\":[{\"@type\":\"SearchAction\",\"target\":{\"@type\":\"EntryPoint\",\"urlTemplate\":\"https:\/\/www.uqac.ca\/uqactualites\/?s={search_term_string}\"},\"query-input\":{\"@type\":\"PropertyValueSpecification\",\"valueRequired\":true,\"valueName\":\"search_term_string\"}}],\"inLanguage\":\"fr-CA\"},{\"@type\":\"Person\",\"@id\":\"https:\/\/www.uqac.ca\/uqactualites\/#\/schema\/person\/366c45a0c4f0e677b41b4af5886e2018\",\"name\":\"Service des communications et des relations publiques\",\"image\":{\"@type\":\"ImageObject\",\"inLanguage\":\"fr-CA\",\"@id\":\"https:\/\/www.uqac.ca\/uqactualites\/#\/schema\/person\/image\/\",\"url\":\"https:\/\/secure.gravatar.com\/avatar\/20fbbda8a292f59f2d3461a5b999c00b?s=96&d=mm&r=g\",\"contentUrl\":\"https:\/\/secure.gravatar.com\/avatar\/20fbbda8a292f59f2d3461a5b999c00b?s=96&d=mm&r=g\",\"caption\":\"Service des communications et des relations publiques\"},\"url\":\"https:\/\/www.uqac.ca\/uqactualites\/author\/bap\/\"}]}<\/script>\r\n<!-- \/ Yoast SEO plugin. -->","yoast_head_json":{"title":"Le professeur Dominic Bizot nomm\u00e9 au conseil des \u00e9tudes de l'Universit\u00e9 du Qu\u00e9bec - UQACtualit\u00e9s","robots":{"index":"index","follow":"follow","max-snippet":"max-snippet:-1","max-image-preview":"max-image-preview:large","max-video-preview":"max-video-preview:-1"},"canonical":"https:\/\/www.uqac.ca\/uqactualites\/2026\/04\/22\/le-professeur-dominic-bizot-nomme-au-conseil-des-etudes-de-luniversite-du-quebec\/","og_locale":"fr_CA","og_type":"article","og_title":"Le professeur Dominic Bizot nomm\u00e9 au conseil des \u00e9tudes de l'Universit\u00e9 du Qu\u00e9bec - UQACtualit\u00e9s","og_description":"L\u2019Assembl\u00e9e des gouverneurs de l\u2019Universit\u00e9 du Qu\u00e9bec (UQ) a proc\u00e9d\u00e9, le 22 avril 2026, \u00e0 la nomination de Dominic Bizot au conseil des \u00e9tudes \u00e0 titre de repr\u00e9sentant du corps professoral pour un mandat de trois ans. Professeur titulaire en travail social \u00e0 l&rsquo;UQAC, Dominic Bizot a d\u00e9velopp\u00e9 au fil des ann\u00e9es une expertise reconnue [&hellip;]","og_url":"https:\/\/www.uqac.ca\/uqactualites\/2026\/04\/22\/le-professeur-dominic-bizot-nomme-au-conseil-des-etudes-de-luniversite-du-quebec\/","og_site_name":"UQACtualit\u00e9s","article_published_time":"2026-04-22T18:11:35+00:00","article_modified_time":"2026-04-22T18:55:32+00:00","og_image":[{"width":1920,"height":1080,"url":"https:\/\/www.uqac.ca\/uqactualites\/wp-content\/uploads\/2026\/04\/A-la-une-UQACtualite-43.png","type":"image\/png"}],"author":"Service des communications et des relations publiques","twitter_card":"summary_large_image","twitter_misc":{"\u00c9crit par":"Service des communications et des relations publiques","Estimation du temps de lecture":"2 minutes"},"schema":{"@context":"https:\/\/schema.org","@graph":[{"@type":"WebPage","@id":"https:\/\/www.uqac.ca\/uqactualites\/2026\/04\/22\/le-professeur-dominic-bizot-nomme-au-conseil-des-etudes-de-luniversite-du-quebec\/","url":"https:\/\/www.uqac.ca\/uqactualites\/2026\/04\/22\/le-professeur-dominic-bizot-nomme-au-conseil-des-etudes-de-luniversite-du-quebec\/","name":"Le professeur Dominic Bizot nomm\u00e9 au conseil des \u00e9tudes de l'Universit\u00e9 du Qu\u00e9bec - UQACtualit\u00e9s","isPartOf":{"@id":"https:\/\/www.uqac.ca\/uqactualites\/#website"},"primaryImageOfPage":{"@id":"https:\/\/www.uqac.ca\/uqactualites\/2026\/04\/22\/le-professeur-dominic-bizot-nomme-au-conseil-des-etudes-de-luniversite-du-quebec\/#primaryimage"},"image":{"@id":"https:\/\/www.uqac.ca\/uqactualites\/2026\/04\/22\/le-professeur-dominic-bizot-nomme-au-conseil-des-etudes-de-luniversite-du-quebec\/#primaryimage"},"thumbnailUrl":"https:\/\/www.uqac.ca\/uqactualites\/wp-content\/uploads\/2026\/04\/A-la-une-UQACtualite-43.png","datePublished":"2026-04-22T18:11:35+00:00","dateModified":"2026-04-22T18:55:32+00:00","author":{"@id":"https:\/\/www.uqac.ca\/uqactualites\/#\/schema\/person\/366c45a0c4f0e677b41b4af5886e2018"},"breadcrumb":{"@id":"https:\/\/www.uqac.ca\/uqactualites\/2026\/04\/22\/le-professeur-dominic-bizot-nomme-au-conseil-des-etudes-de-luniversite-du-quebec\/#breadcrumb"},"inLanguage":"fr-CA","potentialAction":[{"@type":"ReadAction","target":["https:\/\/www.uqac.ca\/uqactualites\/2026\/04\/22\/le-professeur-dominic-bizot-nomme-au-conseil-des-etudes-de-luniversite-du-quebec\/"]}]},{"@type":"ImageObject","inLanguage":"fr-CA","@id":"https:\/\/www.uqac.ca\/uqactualites\/2026\/04\/22\/le-professeur-dominic-bizot-nomme-au-conseil-des-etudes-de-luniversite-du-quebec\/#primaryimage","url":"https:\/\/www.uqac.ca\/uqactualites\/wp-content\/uploads\/2026\/04\/A-la-une-UQACtualite-43.png","contentUrl":"https:\/\/www.uqac.ca\/uqactualites\/wp-content\/uploads\/2026\/04\/A-la-une-UQACtualite-43.png","width":1920,"height":1080},{"@type":"BreadcrumbList","@id":"https:\/\/www.uqac.ca\/uqactualites\/2026\/04\/22\/le-professeur-dominic-bizot-nomme-au-conseil-des-etudes-de-luniversite-du-quebec\/#breadcrumb","itemListElement":[{"@type":"ListItem","position":1,"name":"Home","item":"https:\/\/www.uqac.ca\/uqactualites\/"},{"@type":"ListItem","position":2,"name":"Le professeur Dominic Bizot nomm\u00e9 au conseil des \u00e9tudes de l&rsquo;Universit\u00e9 du Qu\u00e9bec"}]},{"@type":"WebSite","@id":"https:\/\/www.uqac.ca\/uqactualites\/#website","url":"https:\/\/www.uqac.ca\/uqactualites\/","name":"UQACtualit\u00e9s","description":"Le portail des nouvelles de l&#039;UQAC","potentialAction":[{"@type":"SearchAction","target":{"@type":"EntryPoint","urlTemplate":"https:\/\/www.uqac.ca\/uqactualites\/?s={search_term_string}"},"query-input":{"@type":"PropertyValueSpecification","valueRequired":true,"valueName":"search_term_string"}}],"inLanguage":"fr-CA"},{"@type":"Person","@id":"https:\/\/www.uqac.ca\/uqactualites\/#\/schema\/person\/366c45a0c4f0e677b41b4af5886e2018","name":"Service des communications et des relations publiques","image":{"@type":"ImageObject","inLanguage":"fr-CA","@id":"https:\/\/www.uqac.ca\/uqactualites\/#\/schema\/person\/image\/","url":"https:\/\/secure.gravatar.com\/avatar\/20fbbda8a292f59f2d3461a5b999c00b?s=96&d=mm&r=g","contentUrl":"https:\/\/secure.gravatar.com\/avatar\/20fbbda8a292f59f2d3461a5b999c00b?s=96&d=mm&r=g","caption":"Service des communications et des relations publiques"},"url":"https:\/\/www.uqac.ca\/uqactualites\/author\/bap\/"}]}},"_links":{"self":[{"href":"https:\/\/www.uqac.ca\/uqactualites\/wp-json\/wp\/v2\/posts\/54529"}],"collection":[{"href":"https:\/\/www.uqac.ca\/uqactualites\/wp-json\/wp\/v2\/posts"}],"about":[{"href":"https:\/\/www.uqac.ca\/uqactualites\/wp-json\/wp\/v2\/types\/post"}],"author":[{"embeddable":true,"href":"https:\/\/www.uqac.ca\/uqactualites\/wp-json\/wp\/v2\/users\/5"}],"replies":[{"embeddable":true,"href":"https:\/\/www.uqac.ca\/uqactualites\/wp-json\/wp\/v2\/comments?post=54529"}],"version-history":[{"count":1,"href":"https:\/\/www.uqac.ca\/uqactualites\/wp-json\/wp\/v2\/posts\/54529\/revisions"}],"predecessor-version":[{"id":54531,"href":"https:\/\/www.uqac.ca\/uqactualites\/wp-json\/wp\/v2\/posts\/54529\/revisions\/54531"}],"wp:featuredmedia":[{"embeddable":true,"href":"https:\/\/www.uqac.ca\/uqactualites\/wp-json\/wp\/v2\/media\/54532"}],"wp:attachment":[{"href":"https:\/\/www.uqac.ca\/uqactualites\/wp-json\/wp\/v2\/media?parent=54529"}],"wp:term":[{"taxonomy":"category","embeddable":true,"href":"https:\/\/www.uqac.ca\/uqactualites\/wp-json\/wp\/v2\/categories?post=54529"},{"taxonomy":"post_tag","embeddable":true,"href":"https:\/\/www.uqac.ca\/uqactualites\/wp-json\/wp\/v2\/tags?post=54529"}],"curies":[{"name":"wp","href":"https:\/\/api.w.org\/{rel}","templated":true}]}}