{"id":54546,"date":"2026-04-24T08:00:21","date_gmt":"2026-04-24T12:00:21","guid":{"rendered":"https:\/\/www.uqac.ca\/uqactualites\/?p=54546"},"modified":"2026-04-27T11:41:07","modified_gmt":"2026-04-27T15:41:07","slug":"le-grir-lance-une-nouvelle-publication","status":"publish","type":"post","link":"https:\/\/www.uqac.ca\/uqactualites\/2026\/04\/24\/le-grir-lance-une-nouvelle-publication\/","title":{"rendered":"Le GRIR lance une nouvelle publication"},"content":{"rendered":"<p>Le 6 mai prochain, le <a href=\"https:\/\/grir.uqac.ca\/\" target=\"_blank\" rel=\"noopener\">Groupe de recherche et d\u2019intervention r\u00e9gionales (GRIR)<\/a> proc\u00e9dera au lancement officiel d&rsquo;un nouvel ouvrage intitul\u00e9: <em>Au pays des bleuets et citoyens du monde: entretiens avec Jayanta Guha<\/em>.<\/p>\n<p>Sous la direction de la professeure <a href=\"https:\/\/portfolio.uqac.ca\/mariefall\/\" target=\"_blank\" rel=\"noopener\">Marie Fall<\/a> et du charg\u00e9 de cours <a href=\"https:\/\/portfolio.uqac.ca\/christianbelanger\/\" target=\"_blank\" rel=\"noopener\">Christian B\u00e9langer<\/a>, du D\u00e9partement des sciences humaines et sociales, cet ouvrage retrace le parcours de Jayanta Guha, immigr\u00e9 originaire de l\u2019Inde arriv\u00e9 au Saguenay\u2013Lac-Saint-Jean en 1968. Apr\u00e8s une carri\u00e8re universitaire marquante \u00e0 l\u2019UQAC, il s\u2019est affirm\u00e9 comme artiste multidisciplinaire, notamment par la musique, la po\u00e9sie et la photographie.<\/p>\n<p>\u00c0 travers son cheminement, le livre met en lumi\u00e8re une exp\u00e9rience concr\u00e8te du vivre-ensemble, de l\u2019int\u00e9gration et du dialogue interculturel.<\/p>\n<p>La publication comprend une pr\u00e9face du professeur au D\u00e9partement des arts des lettres et du langage de l&rsquo;UQAC <a href=\"https:\/\/portfolio.uqac.ca\/mustaphafahmi\/\" target=\"_blank\" rel=\"noopener\">Mustapha Fahmi<\/a>.<\/p>\n<p>Le lancement aura lieu dans le cadre de la 100e conf\u00e9rence Regards sur le monde, donn\u00e9e par Jayanta Guha \u00ab Visages: les n\u00f4tres et ceux de la terre \u00bb. Rendez-vous le 6 mai 19h \u00e0 la biblioth\u00e8que de Chicoutimi.<\/p>\n<p>Le livre sera en vente sur place et d\u00e8s maintenant sur <a href=\"https:\/\/www.uqac.ca\/boutique-grir\/product\/au-pays-des-bleuets-et-citoyens-du-monde-entretiens-avec-jayanta-guha323054t\/\" target=\"_blank\" rel=\"noopener\">la boutique du GRIR<\/a>.<\/p>\n","protected":false},"excerpt":{"rendered":"<p>Le 6 mai prochain, le Groupe de recherche et d\u2019intervention r\u00e9gionales (GRIR) proc\u00e9dera au lancement officiel d&rsquo;un nouvel ouvrage intitul\u00e9: Au pays des bleuets et citoyens du monde: entretiens avec Jayanta Guha. Sous la direction de la professeure Marie Fall et du charg\u00e9 de cours Christian B\u00e9langer, du D\u00e9partement des sciences humaines et sociales, cet [&hellip;]<\/p>\n","protected":false},"author":5,"featured_media":54660,"comment_status":"closed","ping_status":"open","sticky":false,"template":"","format":"standard","meta":{"footnotes":""},"categories":[2795,2,25],"tags":[22,276],"yoast_head":"<!-- This site is optimized with the Yoast SEO plugin v24.2 - https:\/\/yoast.com\/wordpress\/plugins\/seo\/ -->\r\n<title>Le GRIR lance une nouvelle publication - UQACtualit\u00e9s<\/title>\r\n<meta name=\"robots\" content=\"index, follow, max-snippet:-1, max-image-preview:large, max-video-preview:-1\" \/>\r\n<link rel=\"canonical\" href=\"https:\/\/www.uqac.ca\/uqactualites\/2026\/04\/24\/le-grir-lance-une-nouvelle-publication\/\" \/>\r\n<meta property=\"og:locale\" content=\"fr_CA\" \/>\r\n<meta property=\"og:type\" content=\"article\" \/>\r\n<meta property=\"og:title\" content=\"Le GRIR lance une nouvelle publication - UQACtualit\u00e9s\" \/>\r\n<meta property=\"og:description\" content=\"Le 6 mai prochain, le Groupe de recherche et d\u2019intervention r\u00e9gionales (GRIR) proc\u00e9dera au lancement officiel d&rsquo;un nouvel ouvrage intitul\u00e9: Au pays des bleuets et citoyens du monde: entretiens avec Jayanta Guha. Sous la direction de la professeure Marie Fall et du charg\u00e9 de cours Christian B\u00e9langer, du D\u00e9partement des sciences humaines et sociales, cet [&hellip;]\" \/>\r\n<meta property=\"og:url\" content=\"https:\/\/www.uqac.ca\/uqactualites\/2026\/04\/24\/le-grir-lance-une-nouvelle-publication\/\" \/>\r\n<meta property=\"og:site_name\" content=\"UQACtualit\u00e9s\" \/>\r\n<meta property=\"article:published_time\" content=\"2026-04-24T12:00:21+00:00\" \/>\r\n<meta property=\"article:modified_time\" content=\"2026-04-27T15:41:07+00:00\" \/>\r\n<meta property=\"og:image\" content=\"https:\/\/www.uqac.ca\/uqactualites\/wp-content\/uploads\/2026\/04\/A-la-une-UQACtualite-49.png\" \/>\r\n\t<meta property=\"og:image:width\" content=\"1920\" \/>\r\n\t<meta property=\"og:image:height\" content=\"1080\" \/>\r\n\t<meta property=\"og:image:type\" content=\"image\/png\" \/>\r\n<meta name=\"author\" content=\"Service des communications et des relations publiques\" \/>\r\n<meta name=\"twitter:card\" content=\"summary_large_image\" \/>\r\n<meta name=\"twitter:label1\" content=\"\u00c9crit par\" \/>\n\t<meta name=\"twitter:data1\" content=\"Service des communications et des relations publiques\" \/>\n\t<meta name=\"twitter:label2\" content=\"Estimation du temps de lecture\" \/>\n\t<meta name=\"twitter:data2\" content=\"2 minutes\" \/>\r\n<script type=\"application\/ld+json\" class=\"yoast-schema-graph\">{\"@context\":\"https:\/\/schema.org\",\"@graph\":[{\"@type\":\"WebPage\",\"@id\":\"https:\/\/www.uqac.ca\/uqactualites\/2026\/04\/24\/le-grir-lance-une-nouvelle-publication\/\",\"url\":\"https:\/\/www.uqac.ca\/uqactualites\/2026\/04\/24\/le-grir-lance-une-nouvelle-publication\/\",\"name\":\"Le GRIR lance une nouvelle publication - UQACtualit\u00e9s\",\"isPartOf\":{\"@id\":\"https:\/\/www.uqac.ca\/uqactualites\/#website\"},\"primaryImageOfPage\":{\"@id\":\"https:\/\/www.uqac.ca\/uqactualites\/2026\/04\/24\/le-grir-lance-une-nouvelle-publication\/#primaryimage\"},\"image\":{\"@id\":\"https:\/\/www.uqac.ca\/uqactualites\/2026\/04\/24\/le-grir-lance-une-nouvelle-publication\/#primaryimage\"},\"thumbnailUrl\":\"https:\/\/www.uqac.ca\/uqactualites\/wp-content\/uploads\/2026\/04\/A-la-une-UQACtualite-49.png\",\"datePublished\":\"2026-04-24T12:00:21+00:00\",\"dateModified\":\"2026-04-27T15:41:07+00:00\",\"author\":{\"@id\":\"https:\/\/www.uqac.ca\/uqactualites\/#\/schema\/person\/366c45a0c4f0e677b41b4af5886e2018\"},\"breadcrumb\":{\"@id\":\"https:\/\/www.uqac.ca\/uqactualites\/2026\/04\/24\/le-grir-lance-une-nouvelle-publication\/#breadcrumb\"},\"inLanguage\":\"fr-CA\",\"potentialAction\":[{\"@type\":\"ReadAction\",\"target\":[\"https:\/\/www.uqac.ca\/uqactualites\/2026\/04\/24\/le-grir-lance-une-nouvelle-publication\/\"]}]},{\"@type\":\"ImageObject\",\"inLanguage\":\"fr-CA\",\"@id\":\"https:\/\/www.uqac.ca\/uqactualites\/2026\/04\/24\/le-grir-lance-une-nouvelle-publication\/#primaryimage\",\"url\":\"https:\/\/www.uqac.ca\/uqactualites\/wp-content\/uploads\/2026\/04\/A-la-une-UQACtualite-49.png\",\"contentUrl\":\"https:\/\/www.uqac.ca\/uqactualites\/wp-content\/uploads\/2026\/04\/A-la-une-UQACtualite-49.png\",\"width\":1920,\"height\":1080},{\"@type\":\"BreadcrumbList\",\"@id\":\"https:\/\/www.uqac.ca\/uqactualites\/2026\/04\/24\/le-grir-lance-une-nouvelle-publication\/#breadcrumb\",\"itemListElement\":[{\"@type\":\"ListItem\",\"position\":1,\"name\":\"Home\",\"item\":\"https:\/\/www.uqac.ca\/uqactualites\/\"},{\"@type\":\"ListItem\",\"position\":2,\"name\":\"Le GRIR lance une nouvelle publication\"}]},{\"@type\":\"WebSite\",\"@id\":\"https:\/\/www.uqac.ca\/uqactualites\/#website\",\"url\":\"https:\/\/www.uqac.ca\/uqactualites\/\",\"name\":\"UQACtualit\u00e9s\",\"description\":\"Le portail des nouvelles de l&#039;UQAC\",\"potentialAction\":[{\"@type\":\"SearchAction\",\"target\":{\"@type\":\"EntryPoint\",\"urlTemplate\":\"https:\/\/www.uqac.ca\/uqactualites\/?s={search_term_string}\"},\"query-input\":{\"@type\":\"PropertyValueSpecification\",\"valueRequired\":true,\"valueName\":\"search_term_string\"}}],\"inLanguage\":\"fr-CA\"},{\"@type\":\"Person\",\"@id\":\"https:\/\/www.uqac.ca\/uqactualites\/#\/schema\/person\/366c45a0c4f0e677b41b4af5886e2018\",\"name\":\"Service des communications et des relations publiques\",\"image\":{\"@type\":\"ImageObject\",\"inLanguage\":\"fr-CA\",\"@id\":\"https:\/\/www.uqac.ca\/uqactualites\/#\/schema\/person\/image\/\",\"url\":\"https:\/\/secure.gravatar.com\/avatar\/20fbbda8a292f59f2d3461a5b999c00b?s=96&d=mm&r=g\",\"contentUrl\":\"https:\/\/secure.gravatar.com\/avatar\/20fbbda8a292f59f2d3461a5b999c00b?s=96&d=mm&r=g\",\"caption\":\"Service des communications et des relations publiques\"},\"url\":\"https:\/\/www.uqac.ca\/uqactualites\/author\/bap\/\"}]}<\/script>\r\n<!-- \/ Yoast SEO plugin. -->","yoast_head_json":{"title":"Le GRIR lance une nouvelle publication - UQACtualit\u00e9s","robots":{"index":"index","follow":"follow","max-snippet":"max-snippet:-1","max-image-preview":"max-image-preview:large","max-video-preview":"max-video-preview:-1"},"canonical":"https:\/\/www.uqac.ca\/uqactualites\/2026\/04\/24\/le-grir-lance-une-nouvelle-publication\/","og_locale":"fr_CA","og_type":"article","og_title":"Le GRIR lance une nouvelle publication - UQACtualit\u00e9s","og_description":"Le 6 mai prochain, le Groupe de recherche et d\u2019intervention r\u00e9gionales (GRIR) proc\u00e9dera au lancement officiel d&rsquo;un nouvel ouvrage intitul\u00e9: Au pays des bleuets et citoyens du monde: entretiens avec Jayanta Guha. Sous la direction de la professeure Marie Fall et du charg\u00e9 de cours Christian B\u00e9langer, du D\u00e9partement des sciences humaines et sociales, cet [&hellip;]","og_url":"https:\/\/www.uqac.ca\/uqactualites\/2026\/04\/24\/le-grir-lance-une-nouvelle-publication\/","og_site_name":"UQACtualit\u00e9s","article_published_time":"2026-04-24T12:00:21+00:00","article_modified_time":"2026-04-27T15:41:07+00:00","og_image":[{"width":1920,"height":1080,"url":"https:\/\/www.uqac.ca\/uqactualites\/wp-content\/uploads\/2026\/04\/A-la-une-UQACtualite-49.png","type":"image\/png"}],"author":"Service des communications et des relations publiques","twitter_card":"summary_large_image","twitter_misc":{"\u00c9crit par":"Service des communications et des relations publiques","Estimation du temps de lecture":"2 minutes"},"schema":{"@context":"https:\/\/schema.org","@graph":[{"@type":"WebPage","@id":"https:\/\/www.uqac.ca\/uqactualites\/2026\/04\/24\/le-grir-lance-une-nouvelle-publication\/","url":"https:\/\/www.uqac.ca\/uqactualites\/2026\/04\/24\/le-grir-lance-une-nouvelle-publication\/","name":"Le GRIR lance une nouvelle publication - UQACtualit\u00e9s","isPartOf":{"@id":"https:\/\/www.uqac.ca\/uqactualites\/#website"},"primaryImageOfPage":{"@id":"https:\/\/www.uqac.ca\/uqactualites\/2026\/04\/24\/le-grir-lance-une-nouvelle-publication\/#primaryimage"},"image":{"@id":"https:\/\/www.uqac.ca\/uqactualites\/2026\/04\/24\/le-grir-lance-une-nouvelle-publication\/#primaryimage"},"thumbnailUrl":"https:\/\/www.uqac.ca\/uqactualites\/wp-content\/uploads\/2026\/04\/A-la-une-UQACtualite-49.png","datePublished":"2026-04-24T12:00:21+00:00","dateModified":"2026-04-27T15:41:07+00:00","author":{"@id":"https:\/\/www.uqac.ca\/uqactualites\/#\/schema\/person\/366c45a0c4f0e677b41b4af5886e2018"},"breadcrumb":{"@id":"https:\/\/www.uqac.ca\/uqactualites\/2026\/04\/24\/le-grir-lance-une-nouvelle-publication\/#breadcrumb"},"inLanguage":"fr-CA","potentialAction":[{"@type":"ReadAction","target":["https:\/\/www.uqac.ca\/uqactualites\/2026\/04\/24\/le-grir-lance-une-nouvelle-publication\/"]}]},{"@type":"ImageObject","inLanguage":"fr-CA","@id":"https:\/\/www.uqac.ca\/uqactualites\/2026\/04\/24\/le-grir-lance-une-nouvelle-publication\/#primaryimage","url":"https:\/\/www.uqac.ca\/uqactualites\/wp-content\/uploads\/2026\/04\/A-la-une-UQACtualite-49.png","contentUrl":"https:\/\/www.uqac.ca\/uqactualites\/wp-content\/uploads\/2026\/04\/A-la-une-UQACtualite-49.png","width":1920,"height":1080},{"@type":"BreadcrumbList","@id":"https:\/\/www.uqac.ca\/uqactualites\/2026\/04\/24\/le-grir-lance-une-nouvelle-publication\/#breadcrumb","itemListElement":[{"@type":"ListItem","position":1,"name":"Home","item":"https:\/\/www.uqac.ca\/uqactualites\/"},{"@type":"ListItem","position":2,"name":"Le GRIR lance une nouvelle publication"}]},{"@type":"WebSite","@id":"https:\/\/www.uqac.ca\/uqactualites\/#website","url":"https:\/\/www.uqac.ca\/uqactualites\/","name":"UQACtualit\u00e9s","description":"Le portail des nouvelles de l&#039;UQAC","potentialAction":[{"@type":"SearchAction","target":{"@type":"EntryPoint","urlTemplate":"https:\/\/www.uqac.ca\/uqactualites\/?s={search_term_string}"},"query-input":{"@type":"PropertyValueSpecification","valueRequired":true,"valueName":"search_term_string"}}],"inLanguage":"fr-CA"},{"@type":"Person","@id":"https:\/\/www.uqac.ca\/uqactualites\/#\/schema\/person\/366c45a0c4f0e677b41b4af5886e2018","name":"Service des communications et des relations publiques","image":{"@type":"ImageObject","inLanguage":"fr-CA","@id":"https:\/\/www.uqac.ca\/uqactualites\/#\/schema\/person\/image\/","url":"https:\/\/secure.gravatar.com\/avatar\/20fbbda8a292f59f2d3461a5b999c00b?s=96&d=mm&r=g","contentUrl":"https:\/\/secure.gravatar.com\/avatar\/20fbbda8a292f59f2d3461a5b999c00b?s=96&d=mm&r=g","caption":"Service des communications et des relations publiques"},"url":"https:\/\/www.uqac.ca\/uqactualites\/author\/bap\/"}]}},"_links":{"self":[{"href":"https:\/\/www.uqac.ca\/uqactualites\/wp-json\/wp\/v2\/posts\/54546"}],"collection":[{"href":"https:\/\/www.uqac.ca\/uqactualites\/wp-json\/wp\/v2\/posts"}],"about":[{"href":"https:\/\/www.uqac.ca\/uqactualites\/wp-json\/wp\/v2\/types\/post"}],"author":[{"embeddable":true,"href":"https:\/\/www.uqac.ca\/uqactualites\/wp-json\/wp\/v2\/users\/5"}],"replies":[{"embeddable":true,"href":"https:\/\/www.uqac.ca\/uqactualites\/wp-json\/wp\/v2\/comments?post=54546"}],"version-history":[{"count":5,"href":"https:\/\/www.uqac.ca\/uqactualites\/wp-json\/wp\/v2\/posts\/54546\/revisions"}],"predecessor-version":[{"id":54661,"href":"https:\/\/www.uqac.ca\/uqactualites\/wp-json\/wp\/v2\/posts\/54546\/revisions\/54661"}],"wp:featuredmedia":[{"embeddable":true,"href":"https:\/\/www.uqac.ca\/uqactualites\/wp-json\/wp\/v2\/media\/54660"}],"wp:attachment":[{"href":"https:\/\/www.uqac.ca\/uqactualites\/wp-json\/wp\/v2\/media?parent=54546"}],"wp:term":[{"taxonomy":"category","embeddable":true,"href":"https:\/\/www.uqac.ca\/uqactualites\/wp-json\/wp\/v2\/categories?post=54546"},{"taxonomy":"post_tag","embeddable":true,"href":"https:\/\/www.uqac.ca\/uqactualites\/wp-json\/wp\/v2\/tags?post=54546"}],"curies":[{"name":"wp","href":"https:\/\/api.w.org\/{rel}","templated":true}]}}