{"id":54554,"date":"2026-04-23T08:33:26","date_gmt":"2026-04-23T12:33:26","guid":{"rendered":"https:\/\/www.uqac.ca\/uqactualites\/?p=54554"},"modified":"2026-04-24T11:19:24","modified_gmt":"2026-04-24T15:19:24","slug":"lancement-de-la-chaire-de-recherche-impact","status":"publish","type":"post","link":"https:\/\/www.uqac.ca\/uqactualites\/2026\/04\/23\/lancement-de-la-chaire-de-recherche-impact\/","title":{"rendered":"Lancement de la Chaire de recherche IMPACT sur l\u2019exploitation sexuelle et la traite des personnes"},"content":{"rendered":"<p>L\u2019Universit\u00e9 du Qu\u00e9bec \u00e0 Chicoutimi (UQAC) est heureuse d&rsquo;annoncer la cr\u00e9ation de la <a href=\"https:\/\/portfolio.uqac.ca\/karinecote\/chaire-de-recherche\/\">Chaire de recherche sur l\u2019exploitation sexuelle et la traite des personnes \u2013 IMPACT<\/a>, qui sera dirig\u00e9e par <a href=\"https:\/\/portfolio.uqac.ca\/karinecote\/\">la professeure et psychologue clinicienne Karine C\u00f4t\u00e9<\/a>. Cette nouvelle chaire institutionnelle vise \u00e0 r\u00e9pondre \u00e0 une probl\u00e9matique sociale complexe et en croissance, aux cons\u00e9quences importantes tant pour les personnes victimes que pour la soci\u00e9t\u00e9 dans son ensemble.<\/p>\n<div>\n<p>Ancr\u00e9e dans une approche collaborative et intersectorielle, la Chaire IMPACT a pour objectif de mieux comprendre, pr\u00e9venir et contrer l\u2019exploitation sexuelle et la traite des personnes \u00e0 des fins sexuelles. Les travaux s\u2019appuieront sur un vaste r\u00e9seau de partenaires communautaires, institutionnels et gouvernementaux, afin de produire des connaissances appliqu\u00e9es, de d\u00e9velopper des outils concrets et de contribuer \u00e0 l\u2019am\u00e9lioration des pratiques et des politiques publiques.<\/p>\n<p>Le vice-recteur \u00e0 la recherche et \u00e0 la cr\u00e9ation de l&rsquo;UQAC, Luigi Bouchard salue le lancement de la Chaire IMPACT :<br \/>\n\u00ab\u202fEn lan\u00e7ant cette Chaire, l\u2019UQAC affirme son leadership en recherche sur les violences \u00e0 caract\u00e8re sexuel\u00a0et la justice sociale, tout en r\u00e9affirmant son engagement envers\u00a0l\u2019excellence et\u00a0une recherche porteuse de transformation sociale dont la soci\u00e9t\u00e9\u00a0a tellement besoin.\u202f\u00bb<\/p>\n<p>La titulaire de la Chaire, Karine C\u00f4t\u00e9, accueille cette annonce comme une reconnaissance importante du travail accompli au fil des ann\u00e9es. Elle souligne qu\u2019il s\u2019agit d\u2019\u00ab\u202fune tr\u00e8s belle marque de confiance de la part de l\u2019UQAC\u202f\u00bb. Les activit\u00e9s de la Chaire sont d\u2019ailleurs d\u00e9j\u00e0 amorc\u00e9es, et plusieurs outils concrets d\u00e9velopp\u00e9s dans le cadre de ses travaux seront pr\u00e9sent\u00e9s prochainement, en \u00e9troite collaboration avec les milieux partenaires.<\/p>\n<p><strong>Une expertise reconnue et un vaste r\u00e9seau de partenaires<\/strong><\/p>\n<p>Depuis plus de vingt ans, la professeure Karine C\u00f4t\u00e9 m\u00e8ne des travaux de recherche et d\u2019intervention clinique en collaboration avec un r\u00e9seau actif de plus de 200 partenaires communautaires, institutionnels et gouvernementaux. Ces collaborations s\u2019\u00e9tendent \u00e0 plusieurs r\u00e9gions du Qu\u00e9bec, \u00e0 d\u2019autres provinces canadiennes et \u00e0 l\u2019international, notamment en France, en Tha\u00eflande et en R\u00e9publique d\u00e9mocratique du Congo.<\/p>\n<p>La programmation scientifique compl\u00e8te de la Chaire IMPACT sera d\u00e9voil\u00e9e ult\u00e9rieurement.<\/p>\n<p><strong>Pour en savoir plus sur la Chaire Impact, <a href=\"https:\/\/portfolio.uqac.ca\/karinecote\/chaire-de-recherche\/\">cliquer ici<\/a>.<\/strong><\/p>\n<\/div>\n","protected":false},"excerpt":{"rendered":"<p>L\u2019Universit\u00e9 du Qu\u00e9bec \u00e0 Chicoutimi (UQAC) est heureuse d&rsquo;annoncer la cr\u00e9ation de la Chaire de recherche sur l\u2019exploitation sexuelle et la traite des personnes \u2013 IMPACT, qui sera dirig\u00e9e par la professeure et psychologue clinicienne Karine C\u00f4t\u00e9. Cette nouvelle chaire institutionnelle vise \u00e0 r\u00e9pondre \u00e0 une probl\u00e9matique sociale complexe et en croissance, aux cons\u00e9quences importantes [&hellip;]<\/p>\n","protected":false},"author":5,"featured_media":50447,"comment_status":"closed","ping_status":"open","sticky":false,"template":"","format":"standard","meta":{"footnotes":""},"categories":[2795,2,4],"tags":[982,23],"yoast_head":"<!-- This site is optimized with the Yoast SEO plugin v24.2 - https:\/\/yoast.com\/wordpress\/plugins\/seo\/ -->\r\n<title>Lancement de la Chaire de recherche IMPACT sur l\u2019exploitation sexuelle et la traite des personnes - UQACtualit\u00e9s<\/title>\r\n<meta name=\"description\" content=\"L\u2019Universit\u00e9 du Qu\u00e9bec \u00e0 Chicoutimi (UQAC) est heureuse d&#039;annoncer la cr\u00e9ation de la Chaire de recherche sur l\u2019exploitation sexuelle et la traite des personnes \u2013 IMPACT, qui sera dirig\u00e9e par la professeure et psychologue clinicienne Karine C\u00f4t\u00e9.\" \/>\r\n<meta name=\"robots\" content=\"index, follow, max-snippet:-1, max-image-preview:large, max-video-preview:-1\" \/>\r\n<link rel=\"canonical\" href=\"https:\/\/www.uqac.ca\/uqactualites\/2026\/04\/23\/lancement-de-la-chaire-de-recherche-impact\/\" \/>\r\n<meta property=\"og:locale\" content=\"fr_CA\" \/>\r\n<meta property=\"og:type\" content=\"article\" \/>\r\n<meta property=\"og:title\" content=\"Lancement de la Chaire de recherche IMPACT sur l\u2019exploitation sexuelle et la traite des personnes - UQACtualit\u00e9s\" \/>\r\n<meta property=\"og:description\" content=\"L\u2019Universit\u00e9 du Qu\u00e9bec \u00e0 Chicoutimi (UQAC) est heureuse d&#039;annoncer la cr\u00e9ation de la Chaire de recherche sur l\u2019exploitation sexuelle et la traite des personnes \u2013 IMPACT, qui sera dirig\u00e9e par la professeure et psychologue clinicienne Karine C\u00f4t\u00e9.\" \/>\r\n<meta property=\"og:url\" content=\"https:\/\/www.uqac.ca\/uqactualites\/2026\/04\/23\/lancement-de-la-chaire-de-recherche-impact\/\" \/>\r\n<meta property=\"og:site_name\" content=\"UQACtualit\u00e9s\" \/>\r\n<meta property=\"article:published_time\" content=\"2026-04-23T12:33:26+00:00\" \/>\r\n<meta property=\"article:modified_time\" content=\"2026-04-24T15:19:24+00:00\" \/>\r\n<meta property=\"og:image\" content=\"https:\/\/www.uqac.ca\/uqactualites\/wp-content\/uploads\/2026\/04\/NUM_KarineCoteH25_Uqctualite1920X1080-696x392-1.jpg\" \/>\r\n\t<meta property=\"og:image:width\" content=\"696\" \/>\r\n\t<meta property=\"og:image:height\" content=\"392\" \/>\r\n\t<meta property=\"og:image:type\" content=\"image\/jpeg\" \/>\r\n<meta name=\"author\" content=\"Service des communications et des relations publiques\" \/>\r\n<meta name=\"twitter:card\" content=\"summary_large_image\" \/>\r\n<meta name=\"twitter:label1\" content=\"\u00c9crit par\" \/>\n\t<meta name=\"twitter:data1\" content=\"Service des communications et des relations publiques\" \/>\n\t<meta name=\"twitter:label2\" content=\"Estimation du temps de lecture\" \/>\n\t<meta name=\"twitter:data2\" content=\"2 minutes\" \/>\r\n<script type=\"application\/ld+json\" class=\"yoast-schema-graph\">{\"@context\":\"https:\/\/schema.org\",\"@graph\":[{\"@type\":\"WebPage\",\"@id\":\"https:\/\/www.uqac.ca\/uqactualites\/2026\/04\/23\/lancement-de-la-chaire-de-recherche-impact\/\",\"url\":\"https:\/\/www.uqac.ca\/uqactualites\/2026\/04\/23\/lancement-de-la-chaire-de-recherche-impact\/\",\"name\":\"Lancement de la Chaire de recherche IMPACT sur l\u2019exploitation sexuelle et la traite des personnes - UQACtualit\u00e9s\",\"isPartOf\":{\"@id\":\"https:\/\/www.uqac.ca\/uqactualites\/#website\"},\"primaryImageOfPage\":{\"@id\":\"https:\/\/www.uqac.ca\/uqactualites\/2026\/04\/23\/lancement-de-la-chaire-de-recherche-impact\/#primaryimage\"},\"image\":{\"@id\":\"https:\/\/www.uqac.ca\/uqactualites\/2026\/04\/23\/lancement-de-la-chaire-de-recherche-impact\/#primaryimage\"},\"thumbnailUrl\":\"https:\/\/www.uqac.ca\/uqactualites\/wp-content\/uploads\/2025\/04\/NUM_KarineCoteH25_Uqctualite1920X1080.jpg\",\"datePublished\":\"2026-04-23T12:33:26+00:00\",\"dateModified\":\"2026-04-24T15:19:24+00:00\",\"author\":{\"@id\":\"https:\/\/www.uqac.ca\/uqactualites\/#\/schema\/person\/366c45a0c4f0e677b41b4af5886e2018\"},\"description\":\"L\u2019Universit\u00e9 du Qu\u00e9bec \u00e0 Chicoutimi (UQAC) est heureuse d'annoncer la cr\u00e9ation de la Chaire de recherche sur l\u2019exploitation sexuelle et la traite des personnes \u2013 IMPACT, qui sera dirig\u00e9e par la professeure et psychologue clinicienne Karine C\u00f4t\u00e9.\",\"breadcrumb\":{\"@id\":\"https:\/\/www.uqac.ca\/uqactualites\/2026\/04\/23\/lancement-de-la-chaire-de-recherche-impact\/#breadcrumb\"},\"inLanguage\":\"fr-CA\",\"potentialAction\":[{\"@type\":\"ReadAction\",\"target\":[\"https:\/\/www.uqac.ca\/uqactualites\/2026\/04\/23\/lancement-de-la-chaire-de-recherche-impact\/\"]}]},{\"@type\":\"ImageObject\",\"inLanguage\":\"fr-CA\",\"@id\":\"https:\/\/www.uqac.ca\/uqactualites\/2026\/04\/23\/lancement-de-la-chaire-de-recherche-impact\/#primaryimage\",\"url\":\"https:\/\/www.uqac.ca\/uqactualites\/wp-content\/uploads\/2025\/04\/NUM_KarineCoteH25_Uqctualite1920X1080.jpg\",\"contentUrl\":\"https:\/\/www.uqac.ca\/uqactualites\/wp-content\/uploads\/2025\/04\/NUM_KarineCoteH25_Uqctualite1920X1080.jpg\",\"width\":1920,\"height\":1080,\"caption\":\"La professeure et psychologue clinicienne Karine C\u00f4t\u00e9 travaille en \u00e9troite collaboration avec un r\u00e9seau actif de plus de 200 partenaires communautaires, institutionnels et gouvernementaux, d\u00e9velopp\u00e9 au fil de plus de vingt ans de recherche, d\u2019intervention clinique et de collaboration intersectorielle. (photo Matieu Duhaime)\"},{\"@type\":\"BreadcrumbList\",\"@id\":\"https:\/\/www.uqac.ca\/uqactualites\/2026\/04\/23\/lancement-de-la-chaire-de-recherche-impact\/#breadcrumb\",\"itemListElement\":[{\"@type\":\"ListItem\",\"position\":1,\"name\":\"Home\",\"item\":\"https:\/\/www.uqac.ca\/uqactualites\/\"},{\"@type\":\"ListItem\",\"position\":2,\"name\":\"Lancement de la Chaire de recherche IMPACT sur l\u2019exploitation sexuelle et la traite des personnes\"}]},{\"@type\":\"WebSite\",\"@id\":\"https:\/\/www.uqac.ca\/uqactualites\/#website\",\"url\":\"https:\/\/www.uqac.ca\/uqactualites\/\",\"name\":\"UQACtualit\u00e9s\",\"description\":\"Le portail des nouvelles de l&#039;UQAC\",\"potentialAction\":[{\"@type\":\"SearchAction\",\"target\":{\"@type\":\"EntryPoint\",\"urlTemplate\":\"https:\/\/www.uqac.ca\/uqactualites\/?s={search_term_string}\"},\"query-input\":{\"@type\":\"PropertyValueSpecification\",\"valueRequired\":true,\"valueName\":\"search_term_string\"}}],\"inLanguage\":\"fr-CA\"},{\"@type\":\"Person\",\"@id\":\"https:\/\/www.uqac.ca\/uqactualites\/#\/schema\/person\/366c45a0c4f0e677b41b4af5886e2018\",\"name\":\"Service des communications et des relations publiques\",\"image\":{\"@type\":\"ImageObject\",\"inLanguage\":\"fr-CA\",\"@id\":\"https:\/\/www.uqac.ca\/uqactualites\/#\/schema\/person\/image\/\",\"url\":\"https:\/\/secure.gravatar.com\/avatar\/20fbbda8a292f59f2d3461a5b999c00b?s=96&d=mm&r=g\",\"contentUrl\":\"https:\/\/secure.gravatar.com\/avatar\/20fbbda8a292f59f2d3461a5b999c00b?s=96&d=mm&r=g\",\"caption\":\"Service des communications et des relations publiques\"},\"url\":\"https:\/\/www.uqac.ca\/uqactualites\/author\/bap\/\"}]}<\/script>\r\n<!-- \/ Yoast SEO plugin. -->","yoast_head_json":{"title":"Lancement de la Chaire de recherche IMPACT sur l\u2019exploitation sexuelle et la traite des personnes - UQACtualit\u00e9s","description":"L\u2019Universit\u00e9 du Qu\u00e9bec \u00e0 Chicoutimi (UQAC) est heureuse d'annoncer la cr\u00e9ation de la Chaire de recherche sur l\u2019exploitation sexuelle et la traite des personnes \u2013 IMPACT, qui sera dirig\u00e9e par la professeure et psychologue clinicienne Karine C\u00f4t\u00e9.","robots":{"index":"index","follow":"follow","max-snippet":"max-snippet:-1","max-image-preview":"max-image-preview:large","max-video-preview":"max-video-preview:-1"},"canonical":"https:\/\/www.uqac.ca\/uqactualites\/2026\/04\/23\/lancement-de-la-chaire-de-recherche-impact\/","og_locale":"fr_CA","og_type":"article","og_title":"Lancement de la Chaire de recherche IMPACT sur l\u2019exploitation sexuelle et la traite des personnes - UQACtualit\u00e9s","og_description":"L\u2019Universit\u00e9 du Qu\u00e9bec \u00e0 Chicoutimi (UQAC) est heureuse d'annoncer la cr\u00e9ation de la Chaire de recherche sur l\u2019exploitation sexuelle et la traite des personnes \u2013 IMPACT, qui sera dirig\u00e9e par la professeure et psychologue clinicienne Karine C\u00f4t\u00e9.","og_url":"https:\/\/www.uqac.ca\/uqactualites\/2026\/04\/23\/lancement-de-la-chaire-de-recherche-impact\/","og_site_name":"UQACtualit\u00e9s","article_published_time":"2026-04-23T12:33:26+00:00","article_modified_time":"2026-04-24T15:19:24+00:00","og_image":[{"width":696,"height":392,"url":"https:\/\/www.uqac.ca\/uqactualites\/wp-content\/uploads\/2026\/04\/NUM_KarineCoteH25_Uqctualite1920X1080-696x392-1.jpg","type":"image\/jpeg"}],"author":"Service des communications et des relations publiques","twitter_card":"summary_large_image","twitter_misc":{"\u00c9crit par":"Service des communications et des relations publiques","Estimation du temps de lecture":"2 minutes"},"schema":{"@context":"https:\/\/schema.org","@graph":[{"@type":"WebPage","@id":"https:\/\/www.uqac.ca\/uqactualites\/2026\/04\/23\/lancement-de-la-chaire-de-recherche-impact\/","url":"https:\/\/www.uqac.ca\/uqactualites\/2026\/04\/23\/lancement-de-la-chaire-de-recherche-impact\/","name":"Lancement de la Chaire de recherche IMPACT sur l\u2019exploitation sexuelle et la traite des personnes - UQACtualit\u00e9s","isPartOf":{"@id":"https:\/\/www.uqac.ca\/uqactualites\/#website"},"primaryImageOfPage":{"@id":"https:\/\/www.uqac.ca\/uqactualites\/2026\/04\/23\/lancement-de-la-chaire-de-recherche-impact\/#primaryimage"},"image":{"@id":"https:\/\/www.uqac.ca\/uqactualites\/2026\/04\/23\/lancement-de-la-chaire-de-recherche-impact\/#primaryimage"},"thumbnailUrl":"https:\/\/www.uqac.ca\/uqactualites\/wp-content\/uploads\/2025\/04\/NUM_KarineCoteH25_Uqctualite1920X1080.jpg","datePublished":"2026-04-23T12:33:26+00:00","dateModified":"2026-04-24T15:19:24+00:00","author":{"@id":"https:\/\/www.uqac.ca\/uqactualites\/#\/schema\/person\/366c45a0c4f0e677b41b4af5886e2018"},"description":"L\u2019Universit\u00e9 du Qu\u00e9bec \u00e0 Chicoutimi (UQAC) est heureuse d'annoncer la cr\u00e9ation de la Chaire de recherche sur l\u2019exploitation sexuelle et la traite des personnes \u2013 IMPACT, qui sera dirig\u00e9e par la professeure et psychologue clinicienne Karine C\u00f4t\u00e9.","breadcrumb":{"@id":"https:\/\/www.uqac.ca\/uqactualites\/2026\/04\/23\/lancement-de-la-chaire-de-recherche-impact\/#breadcrumb"},"inLanguage":"fr-CA","potentialAction":[{"@type":"ReadAction","target":["https:\/\/www.uqac.ca\/uqactualites\/2026\/04\/23\/lancement-de-la-chaire-de-recherche-impact\/"]}]},{"@type":"ImageObject","inLanguage":"fr-CA","@id":"https:\/\/www.uqac.ca\/uqactualites\/2026\/04\/23\/lancement-de-la-chaire-de-recherche-impact\/#primaryimage","url":"https:\/\/www.uqac.ca\/uqactualites\/wp-content\/uploads\/2025\/04\/NUM_KarineCoteH25_Uqctualite1920X1080.jpg","contentUrl":"https:\/\/www.uqac.ca\/uqactualites\/wp-content\/uploads\/2025\/04\/NUM_KarineCoteH25_Uqctualite1920X1080.jpg","width":1920,"height":1080,"caption":"La professeure et psychologue clinicienne Karine C\u00f4t\u00e9 travaille en \u00e9troite collaboration avec un r\u00e9seau actif de plus de 200 partenaires communautaires, institutionnels et gouvernementaux, d\u00e9velopp\u00e9 au fil de plus de vingt ans de recherche, d\u2019intervention clinique et de collaboration intersectorielle. (photo Matieu Duhaime)"},{"@type":"BreadcrumbList","@id":"https:\/\/www.uqac.ca\/uqactualites\/2026\/04\/23\/lancement-de-la-chaire-de-recherche-impact\/#breadcrumb","itemListElement":[{"@type":"ListItem","position":1,"name":"Home","item":"https:\/\/www.uqac.ca\/uqactualites\/"},{"@type":"ListItem","position":2,"name":"Lancement de la Chaire de recherche IMPACT sur l\u2019exploitation sexuelle et la traite des personnes"}]},{"@type":"WebSite","@id":"https:\/\/www.uqac.ca\/uqactualites\/#website","url":"https:\/\/www.uqac.ca\/uqactualites\/","name":"UQACtualit\u00e9s","description":"Le portail des nouvelles de l&#039;UQAC","potentialAction":[{"@type":"SearchAction","target":{"@type":"EntryPoint","urlTemplate":"https:\/\/www.uqac.ca\/uqactualites\/?s={search_term_string}"},"query-input":{"@type":"PropertyValueSpecification","valueRequired":true,"valueName":"search_term_string"}}],"inLanguage":"fr-CA"},{"@type":"Person","@id":"https:\/\/www.uqac.ca\/uqactualites\/#\/schema\/person\/366c45a0c4f0e677b41b4af5886e2018","name":"Service des communications et des relations publiques","image":{"@type":"ImageObject","inLanguage":"fr-CA","@id":"https:\/\/www.uqac.ca\/uqactualites\/#\/schema\/person\/image\/","url":"https:\/\/secure.gravatar.com\/avatar\/20fbbda8a292f59f2d3461a5b999c00b?s=96&d=mm&r=g","contentUrl":"https:\/\/secure.gravatar.com\/avatar\/20fbbda8a292f59f2d3461a5b999c00b?s=96&d=mm&r=g","caption":"Service des communications et des relations publiques"},"url":"https:\/\/www.uqac.ca\/uqactualites\/author\/bap\/"}]}},"_links":{"self":[{"href":"https:\/\/www.uqac.ca\/uqactualites\/wp-json\/wp\/v2\/posts\/54554"}],"collection":[{"href":"https:\/\/www.uqac.ca\/uqactualites\/wp-json\/wp\/v2\/posts"}],"about":[{"href":"https:\/\/www.uqac.ca\/uqactualites\/wp-json\/wp\/v2\/types\/post"}],"author":[{"embeddable":true,"href":"https:\/\/www.uqac.ca\/uqactualites\/wp-json\/wp\/v2\/users\/5"}],"replies":[{"embeddable":true,"href":"https:\/\/www.uqac.ca\/uqactualites\/wp-json\/wp\/v2\/comments?post=54554"}],"version-history":[{"count":7,"href":"https:\/\/www.uqac.ca\/uqactualites\/wp-json\/wp\/v2\/posts\/54554\/revisions"}],"predecessor-version":[{"id":54633,"href":"https:\/\/www.uqac.ca\/uqactualites\/wp-json\/wp\/v2\/posts\/54554\/revisions\/54633"}],"wp:featuredmedia":[{"embeddable":true,"href":"https:\/\/www.uqac.ca\/uqactualites\/wp-json\/wp\/v2\/media\/50447"}],"wp:attachment":[{"href":"https:\/\/www.uqac.ca\/uqactualites\/wp-json\/wp\/v2\/media?parent=54554"}],"wp:term":[{"taxonomy":"category","embeddable":true,"href":"https:\/\/www.uqac.ca\/uqactualites\/wp-json\/wp\/v2\/categories?post=54554"},{"taxonomy":"post_tag","embeddable":true,"href":"https:\/\/www.uqac.ca\/uqactualites\/wp-json\/wp\/v2\/tags?post=54554"}],"curies":[{"name":"wp","href":"https:\/\/api.w.org\/{rel}","templated":true}]}}