{"id":54565,"date":"2026-04-30T08:00:58","date_gmt":"2026-04-30T12:00:58","guid":{"rendered":"https:\/\/www.uqac.ca\/uqactualites\/?p=54565"},"modified":"2026-04-23T15:27:33","modified_gmt":"2026-04-23T19:27:33","slug":"neuf-figures-inspirantes-a-lhonneur-pour-la-collation-des-grades-2026","status":"publish","type":"post","link":"https:\/\/www.uqac.ca\/uqactualites\/2026\/04\/30\/neuf-figures-inspirantes-a-lhonneur-pour-la-collation-des-grades-2026\/","title":{"rendered":"Neuf figures inspirantes \u00e0 l&rsquo;honneur pour la Collation des grades 2026"},"content":{"rendered":"<p>La Collation des grades 2026, qui aura lieu le 2 mai prochain, sera l\u2019occasion pour l\u2019UQAC de reconna\u00eetre les accomplissements de plus de 1700 finissantes et finissants.\u00a0\u00c0 cet effet, les neuf d\u00e9partements de l\u2019universit\u00e9 ont d\u00e9sign\u00e9 une personne qui sera charg\u00e9e de porter fi\u00e8rement le drapeau de son d\u00e9partement lors de la c\u00e9r\u00e9monie.\u00a0S\u00e9lectionn\u00e9s pour leur excellence acad\u00e9mique, leur engagement \u00e9tudiant ou leur parcours inspirant, les porteuses et porteurs de drapeau incarnent la r\u00e9ussite et mettent en valeur les accomplissements ainsi que la contribution des finissantes et finissants \u00e0 la communaut\u00e9 universitaire.<\/p>\n<p>D\u00e9couvrez leurs histoires!<\/p>\n<hr \/>\n<p><strong><img loading=\"lazy\" decoding=\"async\" class=\"wp-image-54569 size-thumbnail alignleft\" src=\"https:\/\/www.uqac.ca\/uqactualites\/wp-content\/uploads\/2026\/04\/NUM_CDG2026_Photo_C.Boudreault-150x150.jpg\" alt=\"\" width=\"150\" height=\"150\" srcset=\"https:\/\/www.uqac.ca\/uqactualites\/wp-content\/uploads\/2026\/04\/NUM_CDG2026_Photo_C.Boudreault-150x150.jpg 150w, https:\/\/www.uqac.ca\/uqactualites\/wp-content\/uploads\/2026\/04\/NUM_CDG2026_Photo_C.Boudreault-300x300.jpg 300w, https:\/\/www.uqac.ca\/uqactualites\/wp-content\/uploads\/2026\/04\/NUM_CDG2026_Photo_C.Boudreault-1024x1024.jpg 1024w, https:\/\/www.uqac.ca\/uqactualites\/wp-content\/uploads\/2026\/04\/NUM_CDG2026_Photo_C.Boudreault-768x768.jpg 768w, https:\/\/www.uqac.ca\/uqactualites\/wp-content\/uploads\/2026\/04\/NUM_CDG2026_Photo_C.Boudreault-696x696.jpg 696w, https:\/\/www.uqac.ca\/uqactualites\/wp-content\/uploads\/2026\/04\/NUM_CDG2026_Photo_C.Boudreault-1068x1068.jpg 1068w, https:\/\/www.uqac.ca\/uqactualites\/wp-content\/uploads\/2026\/04\/NUM_CDG2026_Photo_C.Boudreault.jpg 1080w\" sizes=\"(max-width: 150px) 100vw, 150px\" \/>Cindy Boudreault, DALL<br \/>\n<\/strong>Cindy Boudreault savoure le sentiment d\u2019accomplissement que lui procure l\u2019obtention de sa ma\u00eetrise en lettres. Son projet de recherche a explor\u00e9 les lieux dans deux \u0153uvres litt\u00e9raires. Dipl\u00f4m\u00e9e du baccalaur\u00e9at en \u00e9tudes litt\u00e9raires fran\u00e7aises, la passionn\u00e9e des mots a propag\u00e9 son amour pour notre langue, notamment en \u00e9tant intervenante au Centre de valorisation du fran\u00e7ais. Cindy retient \u00e9galement la chance qu\u2019elle a eu d\u2019avoir \u00e9t\u00e9 assistante de recherche et d\u2019avoir pr\u00e9sent\u00e9 ses travaux \u00e0 des colloques. L\u2019excellence dont a fait preuve Cindy pendant ses \u00e9tudes \u00e0 l\u2019UQAC a \u00e9t\u00e9 remarqu\u00e9e : \u00e0 trois reprises, elle a d\u00e9croch\u00e9 des bourses aux concours de la Fondation de l\u2019UQAC! Cindy enseigne au C\u00e9gep de Jonqui\u00e8re et travaille comme r\u00e9viseuse linguistique o\u00f9 elle \u00e9volue dans un milieu professionnel qui lui ressemble.<\/p>\n<p><strong>Catherine Bergeron, DIM<img loading=\"lazy\" decoding=\"async\" class=\"wp-image-54571 size-thumbnail alignright\" src=\"https:\/\/www.uqac.ca\/uqactualites\/wp-content\/uploads\/2026\/04\/NUM_CDG2026_Photo_C_Bergeron-150x150.jpg\" alt=\"\" width=\"150\" height=\"150\" srcset=\"https:\/\/www.uqac.ca\/uqactualites\/wp-content\/uploads\/2026\/04\/NUM_CDG2026_Photo_C_Bergeron-150x150.jpg 150w, https:\/\/www.uqac.ca\/uqactualites\/wp-content\/uploads\/2026\/04\/NUM_CDG2026_Photo_C_Bergeron-300x300.jpg 300w, https:\/\/www.uqac.ca\/uqactualites\/wp-content\/uploads\/2026\/04\/NUM_CDG2026_Photo_C_Bergeron-1024x1024.jpg 1024w, https:\/\/www.uqac.ca\/uqactualites\/wp-content\/uploads\/2026\/04\/NUM_CDG2026_Photo_C_Bergeron-768x768.jpg 768w, https:\/\/www.uqac.ca\/uqactualites\/wp-content\/uploads\/2026\/04\/NUM_CDG2026_Photo_C_Bergeron-696x696.jpg 696w, https:\/\/www.uqac.ca\/uqactualites\/wp-content\/uploads\/2026\/04\/NUM_CDG2026_Photo_C_Bergeron-1068x1068.jpg 1068w, https:\/\/www.uqac.ca\/uqactualites\/wp-content\/uploads\/2026\/04\/NUM_CDG2026_Photo_C_Bergeron.jpg 1080w\" sizes=\"(max-width: 150px) 100vw, 150px\" \/><br \/>\n<\/strong>Catherine Bergeron dipl\u00f4me du baccalaur\u00e9at en d\u00e9veloppement de jeux vid\u00e9o, convaincue que ses \u00e9tudes \u00e0 l\u2019UQAC lui permettront de r\u00e9aliser des projets ambitieux et de concr\u00e9tiser ses r\u00eaves. Passionn\u00e9e de programmation, elle trouve gratifiant de percer le sens d\u2019un code qui lui \u00e9chappait. \u00c9tudiante investie, Catherine a r\u00e9alis\u00e9 des apprentissages marquants dans ses travaux d\u2019\u00e9quipe, o\u00f9 elle visait le plus haut niveau de qualit\u00e9 possible. Lors de son projet final avec des \u00e9tudiantes et \u00e9tudiants de l\u2019\u00c9cole NAD-UQAC, elle a soutenu son \u00e9quipe d\u2019artistes gr\u00e2ce \u00e0 son exp\u00e9rience, contribuant ainsi \u00e0 la r\u00e9ussite du projet. Catherine a l\u2019ambition de contribuer \u00e0 la cr\u00e9ation de jeux qui marqueront l\u2019industrie du jeu vid\u00e9o, et elle aspire \u00e0 devenir une r\u00e9f\u00e9rence dans son domaine.<\/p>\n<p><strong><img loading=\"lazy\" decoding=\"async\" class=\"wp-image-54572 size-thumbnail alignleft\" src=\"https:\/\/www.uqac.ca\/uqactualites\/wp-content\/uploads\/2026\/04\/NUM_CDG2026_Photo_F_Marcil-150x150.jpg\" alt=\"\" width=\"150\" height=\"150\" srcset=\"https:\/\/www.uqac.ca\/uqactualites\/wp-content\/uploads\/2026\/04\/NUM_CDG2026_Photo_F_Marcil-150x150.jpg 150w, https:\/\/www.uqac.ca\/uqactualites\/wp-content\/uploads\/2026\/04\/NUM_CDG2026_Photo_F_Marcil-300x300.jpg 300w, https:\/\/www.uqac.ca\/uqactualites\/wp-content\/uploads\/2026\/04\/NUM_CDG2026_Photo_F_Marcil-1024x1024.jpg 1024w, https:\/\/www.uqac.ca\/uqactualites\/wp-content\/uploads\/2026\/04\/NUM_CDG2026_Photo_F_Marcil-768x768.jpg 768w, https:\/\/www.uqac.ca\/uqactualites\/wp-content\/uploads\/2026\/04\/NUM_CDG2026_Photo_F_Marcil-696x696.jpg 696w, https:\/\/www.uqac.ca\/uqactualites\/wp-content\/uploads\/2026\/04\/NUM_CDG2026_Photo_F_Marcil-1068x1068.jpg 1068w, https:\/\/www.uqac.ca\/uqactualites\/wp-content\/uploads\/2026\/04\/NUM_CDG2026_Photo_F_Marcil.jpg 1080w\" sizes=\"(max-width: 150px) 100vw, 150px\" \/>Florence Marcil, DSS<\/strong><br \/>\nFlorence Marcil dipl\u00f4me du baccalaur\u00e9at en sciences infirmi\u00e8res. Celle qui a suivi la formation initiale aime la diversit\u00e9 du domaine et la relation avec les patients. Pendant son baccalaur\u00e9at, Florence s\u2019est activement impliqu\u00e9e dans l\u2019association \u00e9tudiante, qu\u2019elle a pr\u00e9sid\u00e9e pendant deux ans. Elle a \u00e9galement si\u00e9g\u00e9 au Comit\u00e9 d\u2019am\u00e9lioration continue du Module des sciences infirmi\u00e8res et a travaill\u00e9 \u00e0 la Clinique universitaire en sciences infirmi\u00e8res. Investie en recherche depuis le coll\u00e9gial, elle a d\u2019ailleurs re\u00e7u une bourse de la Facult\u00e9 de m\u00e9decine de l\u2019Universit\u00e9 de Sherbrooke pour un projet de recherche sur la pratique infirmi\u00e8re en sant\u00e9 mentale. Forte des connaissances de son baccalaur\u00e9at, Florence poursuit son parcours en recherche en \u00e9tant inscrite \u00e0 la ma\u00eetrise en sciences infirmi\u00e8res, et elle rejoint la Corporation de recherche et d&rsquo;action sur les maladies h\u00e9r\u00e9ditaires comme \u00e9tudiante\u2011employ\u00e9e.<\/p>\n<p><strong>Camille Guay, DSF<img loading=\"lazy\" decoding=\"async\" class=\"alignright wp-image-54573 size-thumbnail\" src=\"https:\/\/www.uqac.ca\/uqactualites\/wp-content\/uploads\/2026\/04\/NUM_CDG2026_Photo_C_Guay-150x150.jpg\" alt=\"\" width=\"150\" height=\"150\" srcset=\"https:\/\/www.uqac.ca\/uqactualites\/wp-content\/uploads\/2026\/04\/NUM_CDG2026_Photo_C_Guay-150x150.jpg 150w, https:\/\/www.uqac.ca\/uqactualites\/wp-content\/uploads\/2026\/04\/NUM_CDG2026_Photo_C_Guay-300x300.jpg 300w, https:\/\/www.uqac.ca\/uqactualites\/wp-content\/uploads\/2026\/04\/NUM_CDG2026_Photo_C_Guay-1024x1024.jpg 1024w, https:\/\/www.uqac.ca\/uqactualites\/wp-content\/uploads\/2026\/04\/NUM_CDG2026_Photo_C_Guay-768x768.jpg 768w, https:\/\/www.uqac.ca\/uqactualites\/wp-content\/uploads\/2026\/04\/NUM_CDG2026_Photo_C_Guay-696x696.jpg 696w, https:\/\/www.uqac.ca\/uqactualites\/wp-content\/uploads\/2026\/04\/NUM_CDG2026_Photo_C_Guay-1068x1068.jpg 1068w, https:\/\/www.uqac.ca\/uqactualites\/wp-content\/uploads\/2026\/04\/NUM_CDG2026_Photo_C_Guay.jpg 1080w\" sizes=\"(max-width: 150px) 100vw, 150px\" \/><\/strong><br \/>\nCamille Guay c\u00e9l\u00e8bre aujourd\u2019hui l\u2019obtention d\u2019un baccalaur\u00e9at en biologie. L\u2019an dernier, elle obtenait un baccalaur\u00e9at en enseignement secondaire, profil science et technologie. M\u00eame en suivant deux programmes simultan\u00e9ment, elle est demeur\u00e9e pleinement engag\u00e9e. Camille a re\u00e7u plusieurs opportunit\u00e9s. Elle a \u00e9t\u00e9 en nomination pour la m\u00e9daille du gouverneur g\u00e9n\u00e9ral du Canada. Elle a obtenu deux stages de recherche d\u2019\u00e9t\u00e9, alors qu\u2019elle a d\u00e9croch\u00e9 une bourse d\u2019initiation \u00e0 la recherche au f\u00e9d\u00e9ral et un compl\u00e9ment de bourse du Fonds de recherche du Qu\u00e9bec. Camille est membre du comit\u00e9 \u00e9tudiant du Centre intersectoriel en sant\u00e9 durable, en plus de faire partie du r\u00e9seau des sentinelles. Celle qui vise l\u2019enseignement coll\u00e9gial et universitaire sera bien vite une triple dipl\u00f4m\u00e9e de l\u2019UQAC, puisqu\u2019elle est actuellement inscrite \u00e0 la ma\u00eetrise en sant\u00e9 durable.<\/p>\n<p><strong><img loading=\"lazy\" decoding=\"async\" class=\"wp-image-54574 size-thumbnail alignleft\" src=\"https:\/\/www.uqac.ca\/uqactualites\/wp-content\/uploads\/2026\/04\/NUM_CDG2026_Photo_A_Bouchard-150x150.jpg\" alt=\"\" width=\"150\" height=\"150\" srcset=\"https:\/\/www.uqac.ca\/uqactualites\/wp-content\/uploads\/2026\/04\/NUM_CDG2026_Photo_A_Bouchard-150x150.jpg 150w, https:\/\/www.uqac.ca\/uqactualites\/wp-content\/uploads\/2026\/04\/NUM_CDG2026_Photo_A_Bouchard-300x300.jpg 300w, https:\/\/www.uqac.ca\/uqactualites\/wp-content\/uploads\/2026\/04\/NUM_CDG2026_Photo_A_Bouchard-1024x1024.jpg 1024w, https:\/\/www.uqac.ca\/uqactualites\/wp-content\/uploads\/2026\/04\/NUM_CDG2026_Photo_A_Bouchard-768x768.jpg 768w, https:\/\/www.uqac.ca\/uqactualites\/wp-content\/uploads\/2026\/04\/NUM_CDG2026_Photo_A_Bouchard-696x696.jpg 696w, https:\/\/www.uqac.ca\/uqactualites\/wp-content\/uploads\/2026\/04\/NUM_CDG2026_Photo_A_Bouchard-1068x1068.jpg 1068w, https:\/\/www.uqac.ca\/uqactualites\/wp-content\/uploads\/2026\/04\/NUM_CDG2026_Photo_A_Bouchard.jpg 1080w\" sizes=\"(max-width: 150px) 100vw, 150px\" \/>Anabelle Bouchard, DSHS<\/strong><br \/>\n\u00c0 l\u2019UQAC, Anabelle Bouchard a trouv\u00e9 sa vocation : le travail social, dont elle obtient aujourd\u2019hui un baccalaur\u00e9at. Anabelle s\u2019est impliqu\u00e9e d\u00e8s sa premi\u00e8re ann\u00e9e de baccalaur\u00e9at dans le Comit\u00e9 de direction de la Clinique universitaire en travail social. Elle a aussi particip\u00e9 \u00e0 l\u2019organisation des deux premi\u00e8res \u00e9ditions de la semaine du travail social afin de valoriser la profession. Elle aime parler de ses activit\u00e9s de stage et de ses responsabilit\u00e9s \u00e0 la clinique universitaire \u00e0 ses coll\u00e8gues de classe. Fi\u00e8re des rencontres et des apprentissages r\u00e9alis\u00e9s, Anabelle a h\u00e2te d\u2019exercer son m\u00e9tier de travailleuse sociale. Guid\u00e9e par des valeurs de justice sociale, Anabelle saura certainement poser un regard diff\u00e9rent sur la soci\u00e9t\u00e9, accueillir la diversit\u00e9 et contribuer au mieux\u2011\u00eatre autour d\u2019elle.<\/p>\n<p><strong>Nassim Boutegrabet, NAD<img loading=\"lazy\" decoding=\"async\" class=\"alignright wp-image-54575 size-thumbnail\" src=\"https:\/\/www.uqac.ca\/uqactualites\/wp-content\/uploads\/2026\/04\/NUM_CDG2026_Photo_N.Boutegrabet-150x150.jpg\" alt=\"\" width=\"150\" height=\"150\" srcset=\"https:\/\/www.uqac.ca\/uqactualites\/wp-content\/uploads\/2026\/04\/NUM_CDG2026_Photo_N.Boutegrabet-150x150.jpg 150w, https:\/\/www.uqac.ca\/uqactualites\/wp-content\/uploads\/2026\/04\/NUM_CDG2026_Photo_N.Boutegrabet-300x300.jpg 300w, https:\/\/www.uqac.ca\/uqactualites\/wp-content\/uploads\/2026\/04\/NUM_CDG2026_Photo_N.Boutegrabet-1024x1024.jpg 1024w, https:\/\/www.uqac.ca\/uqactualites\/wp-content\/uploads\/2026\/04\/NUM_CDG2026_Photo_N.Boutegrabet-768x768.jpg 768w, https:\/\/www.uqac.ca\/uqactualites\/wp-content\/uploads\/2026\/04\/NUM_CDG2026_Photo_N.Boutegrabet-696x696.jpg 696w, https:\/\/www.uqac.ca\/uqactualites\/wp-content\/uploads\/2026\/04\/NUM_CDG2026_Photo_N.Boutegrabet-1068x1068.jpg 1068w, https:\/\/www.uqac.ca\/uqactualites\/wp-content\/uploads\/2026\/04\/NUM_CDG2026_Photo_N.Boutegrabet.jpg 1080w\" sizes=\"(max-width: 150px) 100vw, 150px\" \/><\/strong><br \/>\nNassim Boutegrabet a r\u00e9ussi son pari : il dipl\u00f4me du baccalaur\u00e9at en cr\u00e9ation 3D pour le jeu vid\u00e9o. Parce que laisser derri\u00e8re soi une quinzaine d\u2019ann\u00e9es d\u2019exp\u00e9rience professionnelle et commencer un nouveau projet d\u2019\u00e9tudes au Canada est tr\u00e8s audacieux! Nassim s\u2019est laiss\u00e9 guider par sa passion de faire vivre des histoires gr\u00e2ce aux jeux vid\u00e9o et par la communaut\u00e9 de cr\u00e9ateurs passionn\u00e9s qu\u2019il a d\u00e9couverte \u00e0 l\u2019\u00c9cole des arts num\u00e9riques, de l\u2019animation et du design, NAD-UQAC. Pers\u00e9v\u00e9rant et engag\u00e9, Nassim s\u2019est plu dans les projets d\u2019\u00e9quipe, les concours et son stage chez Ubisoft, son studio de r\u00eave. Son parcours lui a valu une bourse d\u2019excellence, ainsi que l\u2019opportunit\u00e9 de remporter, en \u00e9quipe, un concours d\u2019Ubisoft. Optimiste quant \u00e0 l\u2019avenir, Nassim souhaite continuer \u00e0 apprendre et \u00e0 contribuer \u00e0 des projets inspirants.<\/p>\n<p><strong><img loading=\"lazy\" decoding=\"async\" class=\"alignleft wp-image-54576 size-thumbnail\" src=\"https:\/\/www.uqac.ca\/uqactualites\/wp-content\/uploads\/2026\/04\/NUM_CDG2026_Photo_J_Fortin-150x150.jpg\" alt=\"\" width=\"150\" height=\"150\" srcset=\"https:\/\/www.uqac.ca\/uqactualites\/wp-content\/uploads\/2026\/04\/NUM_CDG2026_Photo_J_Fortin-150x150.jpg 150w, https:\/\/www.uqac.ca\/uqactualites\/wp-content\/uploads\/2026\/04\/NUM_CDG2026_Photo_J_Fortin-300x300.jpg 300w, https:\/\/www.uqac.ca\/uqactualites\/wp-content\/uploads\/2026\/04\/NUM_CDG2026_Photo_J_Fortin-1024x1024.jpg 1024w, https:\/\/www.uqac.ca\/uqactualites\/wp-content\/uploads\/2026\/04\/NUM_CDG2026_Photo_J_Fortin-768x768.jpg 768w, https:\/\/www.uqac.ca\/uqactualites\/wp-content\/uploads\/2026\/04\/NUM_CDG2026_Photo_J_Fortin-696x696.jpg 696w, https:\/\/www.uqac.ca\/uqactualites\/wp-content\/uploads\/2026\/04\/NUM_CDG2026_Photo_J_Fortin-1068x1068.jpg 1068w, https:\/\/www.uqac.ca\/uqactualites\/wp-content\/uploads\/2026\/04\/NUM_CDG2026_Photo_J_Fortin.jpg 1080w\" sizes=\"(max-width: 150px) 100vw, 150px\" \/>J\u00e9r\u00f4me Fortin, DSA<\/strong><br \/>\nJ\u00e9r\u00f4me Fortin\u00a0d\u00e9tient un baccalaur\u00e9at en g\u00e9nie g\u00e9ologique.\u00a0Fascin\u00e9 par la nature, il aime\u00a0explorer\u00a0comment le g\u00e9nie g\u00e9ologique r\u00e9v\u00e8le l\u2019origine des mat\u00e9riaux.\u00a0Il a re\u00e7u deux bourses d\u2019excellence\u202f: l\u2019une d\u00e8s son admission \u00e0 l\u2019UQAC, l\u2019autre pour la qualit\u00e9 de ses r\u00e9sultats scolaires. J\u00e9r\u00f4me s\u2019est impliqu\u00e9 pendant trois ans dans\u00a0l\u2019association des \u00e9tudiants en\u00a0sciences de la\u00a0Terre, qu\u2019il a m\u00eame pr\u00e9sid\u00e9e un an.\u00a0Il a fait partie de l\u2019\u00e9quipe\u00a0repr\u00e9sentant l\u2019UQAC lors des Jeux de g\u00e9ologie du Qu\u00e9bec\u00a0en 2025, qui\u00a0a remport\u00e9\u00a0une m\u00e9daille de bronze. Il a fi\u00e8rement port\u00e9 les couleurs de l\u2019UQAC lors du concours universitaire le D\u00e9fi Explo, et lors de l\u2019important congr\u00e8s Qu\u00e9bec Mines\u00a0et\u00a0\u00c9nergie.\u00a0Par son engagement, J\u00e9r\u00f4me poss\u00e8de d\u00e9j\u00e0 tout pour contribuer \u00e0 des projets d\u2019envergure!<\/p>\n<p><strong>Komlan Mawuli Adje, DSEA<img loading=\"lazy\" decoding=\"async\" class=\"alignright wp-image-54577 size-thumbnail\" src=\"https:\/\/www.uqac.ca\/uqactualites\/wp-content\/uploads\/2026\/04\/NUM_CDG2026_Photo_K_Mawuli-150x150.jpg\" alt=\"\" width=\"150\" height=\"150\" srcset=\"https:\/\/www.uqac.ca\/uqactualites\/wp-content\/uploads\/2026\/04\/NUM_CDG2026_Photo_K_Mawuli-150x150.jpg 150w, https:\/\/www.uqac.ca\/uqactualites\/wp-content\/uploads\/2026\/04\/NUM_CDG2026_Photo_K_Mawuli-300x300.jpg 300w, https:\/\/www.uqac.ca\/uqactualites\/wp-content\/uploads\/2026\/04\/NUM_CDG2026_Photo_K_Mawuli-1024x1024.jpg 1024w, https:\/\/www.uqac.ca\/uqactualites\/wp-content\/uploads\/2026\/04\/NUM_CDG2026_Photo_K_Mawuli-768x768.jpg 768w, https:\/\/www.uqac.ca\/uqactualites\/wp-content\/uploads\/2026\/04\/NUM_CDG2026_Photo_K_Mawuli-696x696.jpg 696w, https:\/\/www.uqac.ca\/uqactualites\/wp-content\/uploads\/2026\/04\/NUM_CDG2026_Photo_K_Mawuli-1068x1068.jpg 1068w, https:\/\/www.uqac.ca\/uqactualites\/wp-content\/uploads\/2026\/04\/NUM_CDG2026_Photo_K_Mawuli.jpg 1080w\" sizes=\"(max-width: 150px) 100vw, 150px\" \/><br \/>\n<\/strong>Komlan Mawuli Adje<strong>\u00a0<\/strong>est l\u2019heureux titulaire d\u2019une ma\u00eetrise\u00a0en gestion des organisations.\u00a0Passionn\u00e9 par les\u00a0m\u00e9canismes de gouvernance et leur impact sur\u00a0les politiques publiques, il a consacr\u00e9 son m\u00e9moire \u00e0 la mise en \u0153uvre\u00a0des politiques antidopage au S\u00e9n\u00e9gal. Komlan Mawuli s\u2019est pleinement int\u00e9gr\u00e9 \u00e0 sa nouvelle communaut\u00e9.\u00a0Responsable du d\u00e9veloppement et de la transition socio-\u00e9cologique\u00a0au MAGE-UQAC, il a particip\u00e9 \u00e0\u00a0l\u2019instauration de la\u00a0banque alimentaire.\u00a0Komlan Mawuli a aussi\u00a0coordonn\u00e9 le\u00a0projet\u00a0de\u00a0mentorat des\u00a0services aux \u00e9tudiants.\u00a0Celui qui a travaill\u00e9 au collectif de recherche LAGORA a\u00a0particip\u00e9 aux activit\u00e9s du Grand Dialogue\u00a0r\u00e9gional\u00a0pour la transition socio-\u00e9cologique, notamment en s\u2019impliquant dans la tenue du grand\u00a0rassemblement au Saguenay\u2013Lac-Saint-Jean. Port\u00e9 par\u00a0l\u2019action et le service \u00e0 la collectivit\u00e9, Komlan Mawuli\u00a0envisage\u00a0des recherches doctorales sur les enjeux\u00a0contemporains de gouvernances.<\/p>\n<p><strong><img loading=\"lazy\" decoding=\"async\" class=\"alignleft wp-image-54578 size-thumbnail\" src=\"https:\/\/www.uqac.ca\/uqactualites\/wp-content\/uploads\/2026\/04\/NUM_CDG2026_Photo_M_Hervieux-150x150.jpg\" alt=\"\" width=\"150\" height=\"150\" srcset=\"https:\/\/www.uqac.ca\/uqactualites\/wp-content\/uploads\/2026\/04\/NUM_CDG2026_Photo_M_Hervieux-150x150.jpg 150w, https:\/\/www.uqac.ca\/uqactualites\/wp-content\/uploads\/2026\/04\/NUM_CDG2026_Photo_M_Hervieux-300x300.jpg 300w, https:\/\/www.uqac.ca\/uqactualites\/wp-content\/uploads\/2026\/04\/NUM_CDG2026_Photo_M_Hervieux-1024x1024.jpg 1024w, https:\/\/www.uqac.ca\/uqactualites\/wp-content\/uploads\/2026\/04\/NUM_CDG2026_Photo_M_Hervieux-768x768.jpg 768w, https:\/\/www.uqac.ca\/uqactualites\/wp-content\/uploads\/2026\/04\/NUM_CDG2026_Photo_M_Hervieux-696x696.jpg 696w, https:\/\/www.uqac.ca\/uqactualites\/wp-content\/uploads\/2026\/04\/NUM_CDG2026_Photo_M_Hervieux-1068x1068.jpg 1068w, https:\/\/www.uqac.ca\/uqactualites\/wp-content\/uploads\/2026\/04\/NUM_CDG2026_Photo_M_Hervieux.jpg 1080w\" sizes=\"(max-width: 150px) 100vw, 150px\" \/>Marylin\u00a0Hervieux, DSE<br \/>\n<\/strong>Marylin\u00a0Hervieux est\u00a0nouvellement ma\u00eetre en \u00e9ducation. Pendant quatre ans, elle a su maintenir le cap en conjuguant famille, \u00e9tudes, et travail \u00e0 temps plein. Marylin est\u00a0conseill\u00e8re p\u00e9dagogique\u00a0au Centre de services scolaire de l\u2019Estuaire, o\u00f9 elle accompagne\u00a0le\u00a0personnel enseignant\u00a0en\u00a0perfectionnement et\u00a0en\u00a0d\u00e9veloppement professionnel.\u00a0Celle qui a suivi le volet recherche de la ma\u00eetrise en \u00e9ducation a \u00e9t\u00e9 inspir\u00e9e par la proximit\u00e9 caract\u00e9ristique de son m\u00e9tier afin d\u2019\u00e9tudier l\u2019utilisation de la litt\u00e9rature jeunesse en classe pour soutenir la motivation et l\u2019engagement des \u00e9l\u00e8ves dans l\u2019apprentissage de la lecture. Marylin peut \u00eatre fi\u00e8re de son retour aux \u00e9tudes, facilit\u00e9 par la possibilit\u00e9 d\u2019\u00e9tudier \u00e0 distance, et qui lui donne une motivation et un bagage de connaissances qu\u2019elle saura faire valoir dans son m\u00e9tier.<\/p>\n","protected":false},"excerpt":{"rendered":"<p>La Collation des grades 2026, qui aura lieu le 2 mai prochain, sera l\u2019occasion pour l\u2019UQAC de reconna\u00eetre les accomplissements de plus de 1700 finissantes et finissants.\u00a0\u00c0 cet effet, les neuf d\u00e9partements de l\u2019universit\u00e9 ont d\u00e9sign\u00e9 une personne qui sera charg\u00e9e de porter fi\u00e8rement le drapeau de son d\u00e9partement lors de la c\u00e9r\u00e9monie.\u00a0S\u00e9lectionn\u00e9s pour leur [&hellip;]<\/p>\n","protected":false},"author":5,"featured_media":54566,"comment_status":"closed","ping_status":"open","sticky":false,"template":"","format":"standard","meta":{"footnotes":""},"categories":[2795,2,2854,61],"tags":[95,39,20,21,5,8,3,22,23,76],"yoast_head":"<!-- This site is optimized with the Yoast SEO plugin v24.2 - https:\/\/yoast.com\/wordpress\/plugins\/seo\/ -->\r\n<title>Neuf figures inspirantes \u00e0 l&#039;honneur pour la Collation des grades 2026 - UQACtualit\u00e9s<\/title>\r\n<meta name=\"robots\" content=\"index, follow, max-snippet:-1, max-image-preview:large, max-video-preview:-1\" \/>\r\n<link rel=\"canonical\" href=\"https:\/\/www.uqac.ca\/uqactualites\/2026\/04\/30\/neuf-figures-inspirantes-a-lhonneur-pour-la-collation-des-grades-2026\/\" \/>\r\n<meta property=\"og:locale\" content=\"fr_CA\" \/>\r\n<meta property=\"og:type\" content=\"article\" \/>\r\n<meta property=\"og:title\" content=\"Neuf figures inspirantes \u00e0 l&#039;honneur pour la Collation des grades 2026 - UQACtualit\u00e9s\" \/>\r\n<meta property=\"og:description\" content=\"La Collation des grades 2026, qui aura lieu le 2 mai prochain, sera l\u2019occasion pour l\u2019UQAC de reconna\u00eetre les accomplissements de plus de 1700 finissantes et finissants.\u00a0\u00c0 cet effet, les neuf d\u00e9partements de l\u2019universit\u00e9 ont d\u00e9sign\u00e9 une personne qui sera charg\u00e9e de porter fi\u00e8rement le drapeau de son d\u00e9partement lors de la c\u00e9r\u00e9monie.\u00a0S\u00e9lectionn\u00e9s pour leur [&hellip;]\" \/>\r\n<meta property=\"og:url\" content=\"https:\/\/www.uqac.ca\/uqactualites\/2026\/04\/30\/neuf-figures-inspirantes-a-lhonneur-pour-la-collation-des-grades-2026\/\" \/>\r\n<meta property=\"og:site_name\" content=\"UQACtualit\u00e9s\" \/>\r\n<meta property=\"article:published_time\" content=\"2026-04-30T12:00:58+00:00\" \/>\r\n<meta property=\"article:modified_time\" content=\"2026-04-23T19:27:33+00:00\" \/>\r\n<meta property=\"og:image\" content=\"https:\/\/www.uqac.ca\/uqactualites\/wp-content\/uploads\/2026\/04\/NUM_CDG2026_Uqctualite1920X1080_PorteDrapeau.jpg\" \/>\r\n\t<meta property=\"og:image:width\" content=\"1920\" \/>\r\n\t<meta property=\"og:image:height\" content=\"1080\" \/>\r\n\t<meta property=\"og:image:type\" content=\"image\/jpeg\" \/>\r\n<meta name=\"author\" content=\"Service des communications et des relations publiques\" \/>\r\n<meta name=\"twitter:card\" content=\"summary_large_image\" \/>\r\n<meta name=\"twitter:label1\" content=\"\u00c9crit par\" \/>\n\t<meta name=\"twitter:data1\" content=\"Service des communications et des relations publiques\" \/>\n\t<meta name=\"twitter:label2\" content=\"Estimation du temps de lecture\" \/>\n\t<meta name=\"twitter:data2\" content=\"9 minutes\" \/>\r\n<script type=\"application\/ld+json\" class=\"yoast-schema-graph\">{\"@context\":\"https:\/\/schema.org\",\"@graph\":[{\"@type\":\"WebPage\",\"@id\":\"https:\/\/www.uqac.ca\/uqactualites\/2026\/04\/30\/neuf-figures-inspirantes-a-lhonneur-pour-la-collation-des-grades-2026\/\",\"url\":\"https:\/\/www.uqac.ca\/uqactualites\/2026\/04\/30\/neuf-figures-inspirantes-a-lhonneur-pour-la-collation-des-grades-2026\/\",\"name\":\"Neuf figures inspirantes \u00e0 l'honneur pour la Collation des grades 2026 - UQACtualit\u00e9s\",\"isPartOf\":{\"@id\":\"https:\/\/www.uqac.ca\/uqactualites\/#website\"},\"primaryImageOfPage\":{\"@id\":\"https:\/\/www.uqac.ca\/uqactualites\/2026\/04\/30\/neuf-figures-inspirantes-a-lhonneur-pour-la-collation-des-grades-2026\/#primaryimage\"},\"image\":{\"@id\":\"https:\/\/www.uqac.ca\/uqactualites\/2026\/04\/30\/neuf-figures-inspirantes-a-lhonneur-pour-la-collation-des-grades-2026\/#primaryimage\"},\"thumbnailUrl\":\"https:\/\/www.uqac.ca\/uqactualites\/wp-content\/uploads\/2026\/04\/NUM_CDG2026_Uqctualite1920X1080_PorteDrapeau.jpg\",\"datePublished\":\"2026-04-30T12:00:58+00:00\",\"dateModified\":\"2026-04-23T19:27:33+00:00\",\"author\":{\"@id\":\"https:\/\/www.uqac.ca\/uqactualites\/#\/schema\/person\/366c45a0c4f0e677b41b4af5886e2018\"},\"breadcrumb\":{\"@id\":\"https:\/\/www.uqac.ca\/uqactualites\/2026\/04\/30\/neuf-figures-inspirantes-a-lhonneur-pour-la-collation-des-grades-2026\/#breadcrumb\"},\"inLanguage\":\"fr-CA\",\"potentialAction\":[{\"@type\":\"ReadAction\",\"target\":[\"https:\/\/www.uqac.ca\/uqactualites\/2026\/04\/30\/neuf-figures-inspirantes-a-lhonneur-pour-la-collation-des-grades-2026\/\"]}]},{\"@type\":\"ImageObject\",\"inLanguage\":\"fr-CA\",\"@id\":\"https:\/\/www.uqac.ca\/uqactualites\/2026\/04\/30\/neuf-figures-inspirantes-a-lhonneur-pour-la-collation-des-grades-2026\/#primaryimage\",\"url\":\"https:\/\/www.uqac.ca\/uqactualites\/wp-content\/uploads\/2026\/04\/NUM_CDG2026_Uqctualite1920X1080_PorteDrapeau.jpg\",\"contentUrl\":\"https:\/\/www.uqac.ca\/uqactualites\/wp-content\/uploads\/2026\/04\/NUM_CDG2026_Uqctualite1920X1080_PorteDrapeau.jpg\",\"width\":1920,\"height\":1080},{\"@type\":\"BreadcrumbList\",\"@id\":\"https:\/\/www.uqac.ca\/uqactualites\/2026\/04\/30\/neuf-figures-inspirantes-a-lhonneur-pour-la-collation-des-grades-2026\/#breadcrumb\",\"itemListElement\":[{\"@type\":\"ListItem\",\"position\":1,\"name\":\"Home\",\"item\":\"https:\/\/www.uqac.ca\/uqactualites\/\"},{\"@type\":\"ListItem\",\"position\":2,\"name\":\"Neuf figures inspirantes \u00e0 l&rsquo;honneur pour la Collation des grades 2026\"}]},{\"@type\":\"WebSite\",\"@id\":\"https:\/\/www.uqac.ca\/uqactualites\/#website\",\"url\":\"https:\/\/www.uqac.ca\/uqactualites\/\",\"name\":\"UQACtualit\u00e9s\",\"description\":\"Le portail des nouvelles de l&#039;UQAC\",\"potentialAction\":[{\"@type\":\"SearchAction\",\"target\":{\"@type\":\"EntryPoint\",\"urlTemplate\":\"https:\/\/www.uqac.ca\/uqactualites\/?s={search_term_string}\"},\"query-input\":{\"@type\":\"PropertyValueSpecification\",\"valueRequired\":true,\"valueName\":\"search_term_string\"}}],\"inLanguage\":\"fr-CA\"},{\"@type\":\"Person\",\"@id\":\"https:\/\/www.uqac.ca\/uqactualites\/#\/schema\/person\/366c45a0c4f0e677b41b4af5886e2018\",\"name\":\"Service des communications et des relations publiques\",\"image\":{\"@type\":\"ImageObject\",\"inLanguage\":\"fr-CA\",\"@id\":\"https:\/\/www.uqac.ca\/uqactualites\/#\/schema\/person\/image\/\",\"url\":\"https:\/\/secure.gravatar.com\/avatar\/20fbbda8a292f59f2d3461a5b999c00b?s=96&d=mm&r=g\",\"contentUrl\":\"https:\/\/secure.gravatar.com\/avatar\/20fbbda8a292f59f2d3461a5b999c00b?s=96&d=mm&r=g\",\"caption\":\"Service des communications et des relations publiques\"},\"url\":\"https:\/\/www.uqac.ca\/uqactualites\/author\/bap\/\"}]}<\/script>\r\n<!-- \/ Yoast SEO plugin. -->","yoast_head_json":{"title":"Neuf figures inspirantes \u00e0 l'honneur pour la Collation des grades 2026 - UQACtualit\u00e9s","robots":{"index":"index","follow":"follow","max-snippet":"max-snippet:-1","max-image-preview":"max-image-preview:large","max-video-preview":"max-video-preview:-1"},"canonical":"https:\/\/www.uqac.ca\/uqactualites\/2026\/04\/30\/neuf-figures-inspirantes-a-lhonneur-pour-la-collation-des-grades-2026\/","og_locale":"fr_CA","og_type":"article","og_title":"Neuf figures inspirantes \u00e0 l'honneur pour la Collation des grades 2026 - UQACtualit\u00e9s","og_description":"La Collation des grades 2026, qui aura lieu le 2 mai prochain, sera l\u2019occasion pour l\u2019UQAC de reconna\u00eetre les accomplissements de plus de 1700 finissantes et finissants.\u00a0\u00c0 cet effet, les neuf d\u00e9partements de l\u2019universit\u00e9 ont d\u00e9sign\u00e9 une personne qui sera charg\u00e9e de porter fi\u00e8rement le drapeau de son d\u00e9partement lors de la c\u00e9r\u00e9monie.\u00a0S\u00e9lectionn\u00e9s pour leur [&hellip;]","og_url":"https:\/\/www.uqac.ca\/uqactualites\/2026\/04\/30\/neuf-figures-inspirantes-a-lhonneur-pour-la-collation-des-grades-2026\/","og_site_name":"UQACtualit\u00e9s","article_published_time":"2026-04-30T12:00:58+00:00","article_modified_time":"2026-04-23T19:27:33+00:00","og_image":[{"width":1920,"height":1080,"url":"https:\/\/www.uqac.ca\/uqactualites\/wp-content\/uploads\/2026\/04\/NUM_CDG2026_Uqctualite1920X1080_PorteDrapeau.jpg","type":"image\/jpeg"}],"author":"Service des communications et des relations publiques","twitter_card":"summary_large_image","twitter_misc":{"\u00c9crit par":"Service des communications et des relations publiques","Estimation du temps de lecture":"9 minutes"},"schema":{"@context":"https:\/\/schema.org","@graph":[{"@type":"WebPage","@id":"https:\/\/www.uqac.ca\/uqactualites\/2026\/04\/30\/neuf-figures-inspirantes-a-lhonneur-pour-la-collation-des-grades-2026\/","url":"https:\/\/www.uqac.ca\/uqactualites\/2026\/04\/30\/neuf-figures-inspirantes-a-lhonneur-pour-la-collation-des-grades-2026\/","name":"Neuf figures inspirantes \u00e0 l'honneur pour la Collation des grades 2026 - UQACtualit\u00e9s","isPartOf":{"@id":"https:\/\/www.uqac.ca\/uqactualites\/#website"},"primaryImageOfPage":{"@id":"https:\/\/www.uqac.ca\/uqactualites\/2026\/04\/30\/neuf-figures-inspirantes-a-lhonneur-pour-la-collation-des-grades-2026\/#primaryimage"},"image":{"@id":"https:\/\/www.uqac.ca\/uqactualites\/2026\/04\/30\/neuf-figures-inspirantes-a-lhonneur-pour-la-collation-des-grades-2026\/#primaryimage"},"thumbnailUrl":"https:\/\/www.uqac.ca\/uqactualites\/wp-content\/uploads\/2026\/04\/NUM_CDG2026_Uqctualite1920X1080_PorteDrapeau.jpg","datePublished":"2026-04-30T12:00:58+00:00","dateModified":"2026-04-23T19:27:33+00:00","author":{"@id":"https:\/\/www.uqac.ca\/uqactualites\/#\/schema\/person\/366c45a0c4f0e677b41b4af5886e2018"},"breadcrumb":{"@id":"https:\/\/www.uqac.ca\/uqactualites\/2026\/04\/30\/neuf-figures-inspirantes-a-lhonneur-pour-la-collation-des-grades-2026\/#breadcrumb"},"inLanguage":"fr-CA","potentialAction":[{"@type":"ReadAction","target":["https:\/\/www.uqac.ca\/uqactualites\/2026\/04\/30\/neuf-figures-inspirantes-a-lhonneur-pour-la-collation-des-grades-2026\/"]}]},{"@type":"ImageObject","inLanguage":"fr-CA","@id":"https:\/\/www.uqac.ca\/uqactualites\/2026\/04\/30\/neuf-figures-inspirantes-a-lhonneur-pour-la-collation-des-grades-2026\/#primaryimage","url":"https:\/\/www.uqac.ca\/uqactualites\/wp-content\/uploads\/2026\/04\/NUM_CDG2026_Uqctualite1920X1080_PorteDrapeau.jpg","contentUrl":"https:\/\/www.uqac.ca\/uqactualites\/wp-content\/uploads\/2026\/04\/NUM_CDG2026_Uqctualite1920X1080_PorteDrapeau.jpg","width":1920,"height":1080},{"@type":"BreadcrumbList","@id":"https:\/\/www.uqac.ca\/uqactualites\/2026\/04\/30\/neuf-figures-inspirantes-a-lhonneur-pour-la-collation-des-grades-2026\/#breadcrumb","itemListElement":[{"@type":"ListItem","position":1,"name":"Home","item":"https:\/\/www.uqac.ca\/uqactualites\/"},{"@type":"ListItem","position":2,"name":"Neuf figures inspirantes \u00e0 l&rsquo;honneur pour la Collation des grades 2026"}]},{"@type":"WebSite","@id":"https:\/\/www.uqac.ca\/uqactualites\/#website","url":"https:\/\/www.uqac.ca\/uqactualites\/","name":"UQACtualit\u00e9s","description":"Le portail des nouvelles de l&#039;UQAC","potentialAction":[{"@type":"SearchAction","target":{"@type":"EntryPoint","urlTemplate":"https:\/\/www.uqac.ca\/uqactualites\/?s={search_term_string}"},"query-input":{"@type":"PropertyValueSpecification","valueRequired":true,"valueName":"search_term_string"}}],"inLanguage":"fr-CA"},{"@type":"Person","@id":"https:\/\/www.uqac.ca\/uqactualites\/#\/schema\/person\/366c45a0c4f0e677b41b4af5886e2018","name":"Service des communications et des relations publiques","image":{"@type":"ImageObject","inLanguage":"fr-CA","@id":"https:\/\/www.uqac.ca\/uqactualites\/#\/schema\/person\/image\/","url":"https:\/\/secure.gravatar.com\/avatar\/20fbbda8a292f59f2d3461a5b999c00b?s=96&d=mm&r=g","contentUrl":"https:\/\/secure.gravatar.com\/avatar\/20fbbda8a292f59f2d3461a5b999c00b?s=96&d=mm&r=g","caption":"Service des communications et des relations publiques"},"url":"https:\/\/www.uqac.ca\/uqactualites\/author\/bap\/"}]}},"_links":{"self":[{"href":"https:\/\/www.uqac.ca\/uqactualites\/wp-json\/wp\/v2\/posts\/54565"}],"collection":[{"href":"https:\/\/www.uqac.ca\/uqactualites\/wp-json\/wp\/v2\/posts"}],"about":[{"href":"https:\/\/www.uqac.ca\/uqactualites\/wp-json\/wp\/v2\/types\/post"}],"author":[{"embeddable":true,"href":"https:\/\/www.uqac.ca\/uqactualites\/wp-json\/wp\/v2\/users\/5"}],"replies":[{"embeddable":true,"href":"https:\/\/www.uqac.ca\/uqactualites\/wp-json\/wp\/v2\/comments?post=54565"}],"version-history":[{"count":7,"href":"https:\/\/www.uqac.ca\/uqactualites\/wp-json\/wp\/v2\/posts\/54565\/revisions"}],"predecessor-version":[{"id":54582,"href":"https:\/\/www.uqac.ca\/uqactualites\/wp-json\/wp\/v2\/posts\/54565\/revisions\/54582"}],"wp:featuredmedia":[{"embeddable":true,"href":"https:\/\/www.uqac.ca\/uqactualites\/wp-json\/wp\/v2\/media\/54566"}],"wp:attachment":[{"href":"https:\/\/www.uqac.ca\/uqactualites\/wp-json\/wp\/v2\/media?parent=54565"}],"wp:term":[{"taxonomy":"category","embeddable":true,"href":"https:\/\/www.uqac.ca\/uqactualites\/wp-json\/wp\/v2\/categories?post=54565"},{"taxonomy":"post_tag","embeddable":true,"href":"https:\/\/www.uqac.ca\/uqactualites\/wp-json\/wp\/v2\/tags?post=54565"}],"curies":[{"name":"wp","href":"https:\/\/api.w.org\/{rel}","templated":true}]}}