{"id":54583,"date":"2026-04-23T15:51:51","date_gmt":"2026-04-23T19:51:51","guid":{"rendered":"https:\/\/www.uqac.ca\/uqactualites\/?p=54583"},"modified":"2026-04-23T15:57:50","modified_gmt":"2026-04-23T19:57:50","slug":"distinctions-honorifiques-a-loccasion-de-la-collation-des-grades-luqac-souligne-des-parcours-dexception","status":"publish","type":"post","link":"https:\/\/www.uqac.ca\/uqactualites\/2026\/04\/23\/distinctions-honorifiques-a-loccasion-de-la-collation-des-grades-luqac-souligne-des-parcours-dexception\/","title":{"rendered":"Distinctions honorifiques \u00e0 l\u2019occasion de la Collation des grades: l\u2019UQAC souligne des parcours d\u2019exception"},"content":{"rendered":"<p>L\u2019UQAC est fi\u00e8re d&rsquo;annoncer les distinctions honorifiques qui seront remises lors de la Collation des grades du 2 mai prochain. \u00c0 cette occasion, deux doctorats honoris causa et cinq m\u00e9dailles honorifiques seront d\u00e9cern\u00e9s \u00e0 des personnalit\u00e9s dont les parcours exceptionnels refl\u00e8tent un engagement profond envers la soci\u00e9t\u00e9. Par ces reconnaissances, l\u2019UQAC r\u00e9affirme son attachement aux valeurs d\u2019engagement, de savoir et de responsabilit\u00e9 sociale, en mettant en lumi\u00e8re des mod\u00e8les inspirants pour la communaut\u00e9 universitaire et la soci\u00e9t\u00e9 dans son ensemble.<\/p>\n<h3>Deux doctorats honoris causa pour des figures d\u2019exception<\/h3>\n<p><strong><img loading=\"lazy\" decoding=\"async\" class=\"wp-image-54584 size-thumbnail alignleft\" src=\"https:\/\/www.uqac.ca\/uqactualites\/wp-content\/uploads\/2026\/04\/NUM_CDG2026_Photo_JF_Lepine-150x150.jpg\" alt=\"\" width=\"150\" height=\"150\" srcset=\"https:\/\/www.uqac.ca\/uqactualites\/wp-content\/uploads\/2026\/04\/NUM_CDG2026_Photo_JF_Lepine-150x150.jpg 150w, https:\/\/www.uqac.ca\/uqactualites\/wp-content\/uploads\/2026\/04\/NUM_CDG2026_Photo_JF_Lepine-300x300.jpg 300w, https:\/\/www.uqac.ca\/uqactualites\/wp-content\/uploads\/2026\/04\/NUM_CDG2026_Photo_JF_Lepine-1024x1024.jpg 1024w, https:\/\/www.uqac.ca\/uqactualites\/wp-content\/uploads\/2026\/04\/NUM_CDG2026_Photo_JF_Lepine-768x768.jpg 768w, https:\/\/www.uqac.ca\/uqactualites\/wp-content\/uploads\/2026\/04\/NUM_CDG2026_Photo_JF_Lepine-696x696.jpg 696w, https:\/\/www.uqac.ca\/uqactualites\/wp-content\/uploads\/2026\/04\/NUM_CDG2026_Photo_JF_Lepine-1068x1068.jpg 1068w, https:\/\/www.uqac.ca\/uqactualites\/wp-content\/uploads\/2026\/04\/NUM_CDG2026_Photo_JF_Lepine.jpg 1080w\" sizes=\"(max-width: 150px) 100vw, 150px\" \/>Jean-Fran\u00e7ois L\u00e9pine<br \/>\n<\/strong>Par cette distinction prestigieuse, l\u2019UQAC reconna\u00eet une carri\u00e8re exceptionnelle consacr\u00e9e \u00e0 l\u2019information, \u00e0 la compr\u00e9hension du monde et au service de l\u2019int\u00e9r\u00eat public. Journaliste d\u2019envergure internationale, il a su, tout au long de son parcours, inspirer, informer et enrichir le regard port\u00e9 sur les grands enjeux contemporains, laissant un h\u00e9ritage pr\u00e9cieux pour les g\u00e9n\u00e9rations actuelles et futures.<\/p>\n<p><strong><img loading=\"lazy\" decoding=\"async\" class=\"wp-image-54585 size-thumbnail alignright\" src=\"https:\/\/www.uqac.ca\/uqactualites\/wp-content\/uploads\/2026\/04\/NUM_CDG2026_Photo_J_Blackburn-150x150.jpg\" alt=\"\" width=\"150\" height=\"150\" srcset=\"https:\/\/www.uqac.ca\/uqactualites\/wp-content\/uploads\/2026\/04\/NUM_CDG2026_Photo_J_Blackburn-150x150.jpg 150w, https:\/\/www.uqac.ca\/uqactualites\/wp-content\/uploads\/2026\/04\/NUM_CDG2026_Photo_J_Blackburn-300x300.jpg 300w, https:\/\/www.uqac.ca\/uqactualites\/wp-content\/uploads\/2026\/04\/NUM_CDG2026_Photo_J_Blackburn-1024x1024.jpg 1024w, https:\/\/www.uqac.ca\/uqactualites\/wp-content\/uploads\/2026\/04\/NUM_CDG2026_Photo_J_Blackburn-768x768.jpg 768w, https:\/\/www.uqac.ca\/uqactualites\/wp-content\/uploads\/2026\/04\/NUM_CDG2026_Photo_J_Blackburn-696x696.jpg 696w, https:\/\/www.uqac.ca\/uqactualites\/wp-content\/uploads\/2026\/04\/NUM_CDG2026_Photo_J_Blackburn-1068x1068.jpg 1068w, https:\/\/www.uqac.ca\/uqactualites\/wp-content\/uploads\/2026\/04\/NUM_CDG2026_Photo_J_Blackburn.jpg 1080w\" sizes=\"(max-width: 150px) 100vw, 150px\" \/>Jeanne L. Blackburn<br \/>\n<\/strong>Par cette distinction prestigieuse, l\u2019UQAC reconna\u00eet un parcours de vie remarquable, marqu\u00e9 par un engagement constant envers l\u2019\u00e9ducation, la justice sociale et le mieux-\u00eatre collectif. Son cheminement incarne le pouvoir transformateur de l\u2019\u00e9ducation et l\u2019impact durable d\u2019un engagement au service du bien commun. \u00c0 travers cette distinction, l\u2019UQAC met en lumi\u00e8re une vision du service public empreinte d\u2019humanisme, de solidarit\u00e9 et de responsabilit\u00e9.<\/p>\n<p>&nbsp;<\/p>\n<h3>Cinq femmes honor\u00e9es pour leur engagement exceptionnel<\/h3>\n<p>Fabriqu\u00e9e en aluminium par une entreprise familiale qu\u00e9b\u00e9coise, la M\u00e9daille de l\u2019UQAC sera remise \u00e0 cinq femmes aux parcours inspirants : Sylvie Dassylva, Esther Girard, Hanny Rasmussen, Carole Richer et Genevi\u00e8ve Sim\u00e9on, unies par leur engagement envers des communaut\u00e9s plus justes, inclusives et humaines.<\/p>\n<p><strong><img loading=\"lazy\" decoding=\"async\" class=\"alignleft wp-image-54589 size-thumbnail\" src=\"https:\/\/www.uqac.ca\/uqactualites\/wp-content\/uploads\/2026\/04\/NUM_CDG2026_Photo_S_Dassylva-150x150.jpg\" alt=\"\" width=\"150\" height=\"150\" srcset=\"https:\/\/www.uqac.ca\/uqactualites\/wp-content\/uploads\/2026\/04\/NUM_CDG2026_Photo_S_Dassylva-150x150.jpg 150w, https:\/\/www.uqac.ca\/uqactualites\/wp-content\/uploads\/2026\/04\/NUM_CDG2026_Photo_S_Dassylva-300x300.jpg 300w, https:\/\/www.uqac.ca\/uqactualites\/wp-content\/uploads\/2026\/04\/NUM_CDG2026_Photo_S_Dassylva-1024x1024.jpg 1024w, https:\/\/www.uqac.ca\/uqactualites\/wp-content\/uploads\/2026\/04\/NUM_CDG2026_Photo_S_Dassylva-768x768.jpg 768w, https:\/\/www.uqac.ca\/uqactualites\/wp-content\/uploads\/2026\/04\/NUM_CDG2026_Photo_S_Dassylva-696x696.jpg 696w, https:\/\/www.uqac.ca\/uqactualites\/wp-content\/uploads\/2026\/04\/NUM_CDG2026_Photo_S_Dassylva-1068x1068.jpg 1068w, https:\/\/www.uqac.ca\/uqactualites\/wp-content\/uploads\/2026\/04\/NUM_CDG2026_Photo_S_Dassylva.jpg 1080w\" sizes=\"(max-width: 150px) 100vw, 150px\" \/>Sylvie Dassylva<\/strong><br \/>\nSylvie Dassylva est honor\u00e9e pour un engagement exceptionnel, notamment dans le domaine de la sant\u00e9 mentale, port\u00e9 par des valeurs d\u2019\u00e9thique, de respect et de dignit\u00e9 humaine. Sa bienveillance, son d\u00e9vouement et sa g\u00e9n\u00e9rosit\u00e9 marquent l\u2019ensemble de son parcours.<\/p>\n<p>&nbsp;<\/p>\n<p><strong><img loading=\"lazy\" decoding=\"async\" class=\"alignright wp-image-54590 size-thumbnail\" src=\"https:\/\/www.uqac.ca\/uqactualites\/wp-content\/uploads\/2026\/04\/NUM_CDG2026_Photo_H_Rasnussen-150x150.jpg\" alt=\"\" width=\"150\" height=\"150\" srcset=\"https:\/\/www.uqac.ca\/uqactualites\/wp-content\/uploads\/2026\/04\/NUM_CDG2026_Photo_H_Rasnussen-150x150.jpg 150w, https:\/\/www.uqac.ca\/uqactualites\/wp-content\/uploads\/2026\/04\/NUM_CDG2026_Photo_H_Rasnussen-300x300.jpg 300w, https:\/\/www.uqac.ca\/uqactualites\/wp-content\/uploads\/2026\/04\/NUM_CDG2026_Photo_H_Rasnussen-1024x1024.jpg 1024w, https:\/\/www.uqac.ca\/uqactualites\/wp-content\/uploads\/2026\/04\/NUM_CDG2026_Photo_H_Rasnussen-768x768.jpg 768w, https:\/\/www.uqac.ca\/uqactualites\/wp-content\/uploads\/2026\/04\/NUM_CDG2026_Photo_H_Rasnussen-696x696.jpg 696w, https:\/\/www.uqac.ca\/uqactualites\/wp-content\/uploads\/2026\/04\/NUM_CDG2026_Photo_H_Rasnussen-1068x1068.jpg 1068w, https:\/\/www.uqac.ca\/uqactualites\/wp-content\/uploads\/2026\/04\/NUM_CDG2026_Photo_H_Rasnussen.jpg 1080w\" sizes=\"(max-width: 150px) 100vw, 150px\" \/>Hanny Rasmussen<br \/>\n<\/strong>Forte de plus de 35 ans d\u2019exp\u00e9rience en d\u00e9veloppement communautaire et en direction d\u2019organismes, Hanny Rasmussen re\u00e7oit cette distinction pour la constance et la port\u00e9e de son engagement.<\/p>\n<p>&nbsp;<\/p>\n<p><strong><img loading=\"lazy\" decoding=\"async\" class=\"alignleft wp-image-54591 size-thumbnail\" src=\"https:\/\/www.uqac.ca\/uqactualites\/wp-content\/uploads\/2026\/04\/NUM_CDG2026_Photo_G_Simeon-150x150.jpg\" alt=\"\" width=\"150\" height=\"150\" srcset=\"https:\/\/www.uqac.ca\/uqactualites\/wp-content\/uploads\/2026\/04\/NUM_CDG2026_Photo_G_Simeon-150x150.jpg 150w, https:\/\/www.uqac.ca\/uqactualites\/wp-content\/uploads\/2026\/04\/NUM_CDG2026_Photo_G_Simeon-300x300.jpg 300w, https:\/\/www.uqac.ca\/uqactualites\/wp-content\/uploads\/2026\/04\/NUM_CDG2026_Photo_G_Simeon-1024x1024.jpg 1024w, https:\/\/www.uqac.ca\/uqactualites\/wp-content\/uploads\/2026\/04\/NUM_CDG2026_Photo_G_Simeon-768x768.jpg 768w, https:\/\/www.uqac.ca\/uqactualites\/wp-content\/uploads\/2026\/04\/NUM_CDG2026_Photo_G_Simeon-696x696.jpg 696w, https:\/\/www.uqac.ca\/uqactualites\/wp-content\/uploads\/2026\/04\/NUM_CDG2026_Photo_G_Simeon-1068x1068.jpg 1068w, https:\/\/www.uqac.ca\/uqactualites\/wp-content\/uploads\/2026\/04\/NUM_CDG2026_Photo_G_Simeon.jpg 1080w\" sizes=\"(max-width: 150px) 100vw, 150px\" \/>Genevi\u00e8ve Sim\u00e9on<br \/>\n<\/strong>Dipl\u00f4m\u00e9e de l\u2019UQAC, Genevi\u00e8ve Sim\u00e9on est reconnue pour l\u2019impact concret de son action au sein de la Corporation de d\u00e9veloppement communautaire des Deux Rives, qu\u2019elle dirige depuis plusieurs ann\u00e9es, contribuant activement \u00e0 la vitalit\u00e9 de son milieu.<\/p>\n<p>&nbsp;<\/p>\n<p><strong><img loading=\"lazy\" decoding=\"async\" class=\"alignright wp-image-54592 size-thumbnail\" src=\"https:\/\/www.uqac.ca\/uqactualites\/wp-content\/uploads\/2026\/04\/NUM_CDG2026_Photo_E_Girard-150x150.jpg\" alt=\"\" width=\"150\" height=\"150\" srcset=\"https:\/\/www.uqac.ca\/uqactualites\/wp-content\/uploads\/2026\/04\/NUM_CDG2026_Photo_E_Girard-150x150.jpg 150w, https:\/\/www.uqac.ca\/uqactualites\/wp-content\/uploads\/2026\/04\/NUM_CDG2026_Photo_E_Girard-300x300.jpg 300w, https:\/\/www.uqac.ca\/uqactualites\/wp-content\/uploads\/2026\/04\/NUM_CDG2026_Photo_E_Girard-1024x1024.jpg 1024w, https:\/\/www.uqac.ca\/uqactualites\/wp-content\/uploads\/2026\/04\/NUM_CDG2026_Photo_E_Girard-768x768.jpg 768w, https:\/\/www.uqac.ca\/uqactualites\/wp-content\/uploads\/2026\/04\/NUM_CDG2026_Photo_E_Girard-696x696.jpg 696w, https:\/\/www.uqac.ca\/uqactualites\/wp-content\/uploads\/2026\/04\/NUM_CDG2026_Photo_E_Girard-1068x1068.jpg 1068w, https:\/\/www.uqac.ca\/uqactualites\/wp-content\/uploads\/2026\/04\/NUM_CDG2026_Photo_E_Girard.jpg 1080w\" sizes=\"(max-width: 150px) 100vw, 150px\" \/>Esther Girard<br \/>\n<\/strong> Esther Girard se distingue par plus de 25 ans d\u2019implication dans le milieu communautaire. Elle incarne des valeurs d\u2019inclusion, de dignit\u00e9 humaine et de d\u00e9veloppement social qui inspirent et mobilisent.<\/p>\n<p>&nbsp;<\/p>\n<p><strong><img loading=\"lazy\" decoding=\"async\" class=\"alignleft wp-image-54593 size-thumbnail\" src=\"https:\/\/www.uqac.ca\/uqactualites\/wp-content\/uploads\/2026\/04\/NUM_CDG2026_Photo_C_Richer-150x150.jpg\" alt=\"\" width=\"150\" height=\"150\" srcset=\"https:\/\/www.uqac.ca\/uqactualites\/wp-content\/uploads\/2026\/04\/NUM_CDG2026_Photo_C_Richer-150x150.jpg 150w, https:\/\/www.uqac.ca\/uqactualites\/wp-content\/uploads\/2026\/04\/NUM_CDG2026_Photo_C_Richer-300x300.jpg 300w, https:\/\/www.uqac.ca\/uqactualites\/wp-content\/uploads\/2026\/04\/NUM_CDG2026_Photo_C_Richer-1024x1024.jpg 1024w, https:\/\/www.uqac.ca\/uqactualites\/wp-content\/uploads\/2026\/04\/NUM_CDG2026_Photo_C_Richer-768x768.jpg 768w, https:\/\/www.uqac.ca\/uqactualites\/wp-content\/uploads\/2026\/04\/NUM_CDG2026_Photo_C_Richer-696x696.jpg 696w, https:\/\/www.uqac.ca\/uqactualites\/wp-content\/uploads\/2026\/04\/NUM_CDG2026_Photo_C_Richer-1068x1068.jpg 1068w, https:\/\/www.uqac.ca\/uqactualites\/wp-content\/uploads\/2026\/04\/NUM_CDG2026_Photo_C_Richer.jpg 1080w\" sizes=\"(max-width: 150px) 100vw, 150px\" \/>Carole Richer<br \/>\n<\/strong>Dipl\u00f4m\u00e9e de l\u2019UQAC, Carole Richer met depuis plus de 25 ans son expertise au service des entreprises collectives et des milieux ruraux. Son engagement constant, notamment aupr\u00e8s des organismes \u00e0 but non lucratif, lui vaut aujourd\u2019hui cette reconnaissance.<\/p>\n<p>&nbsp;<\/p>\n<h3>Une c\u00e9l\u00e9bration de l\u2019engagement et de l\u2019excellence<\/h3>\n<p>Par l\u2019attribution de ces distinctions honorifiques, l\u2019UQAC honore des parcours qui incarnent les valeurs fondamentales de l\u2019universit\u00e9 et nourrissent l\u2019ambition collective de la communaut\u00e9 universitaire.<\/p>\n<p>Pour en savoir plus sur les r\u00e9cipiendaires des distinctions honorifiques d\u00e9cern\u00e9es par l\u2019UQAC, consultez le <a href=\"https:\/\/www.uqac.ca\/dh\/\">site Web<\/a> qui leur est consacr\u00e9.<\/p>\n","protected":false},"excerpt":{"rendered":"<p>L\u2019UQAC est fi\u00e8re d&rsquo;annoncer les distinctions honorifiques qui seront remises lors de la Collation des grades du 2 mai prochain. \u00c0 cette occasion, deux doctorats honoris causa et cinq m\u00e9dailles honorifiques seront d\u00e9cern\u00e9s \u00e0 des personnalit\u00e9s dont les parcours exceptionnels refl\u00e8tent un engagement profond envers la soci\u00e9t\u00e9. Par ces reconnaissances, l\u2019UQAC r\u00e9affirme son attachement aux [&hellip;]<\/p>\n","protected":false},"author":5,"featured_media":54595,"comment_status":"closed","ping_status":"open","sticky":false,"template":"","format":"standard","meta":{"footnotes":""},"categories":[2795,2,9],"tags":[95,73],"yoast_head":"<!-- This site is optimized with the Yoast SEO plugin v24.2 - https:\/\/yoast.com\/wordpress\/plugins\/seo\/ -->\r\n<title>Distinctions honorifiques \u00e0 l\u2019occasion de la Collation des grades: l\u2019UQAC souligne des parcours d\u2019exception - UQACtualit\u00e9s<\/title>\r\n<meta name=\"robots\" content=\"index, follow, max-snippet:-1, max-image-preview:large, max-video-preview:-1\" \/>\r\n<link rel=\"canonical\" href=\"https:\/\/www.uqac.ca\/uqactualites\/2026\/04\/23\/distinctions-honorifiques-a-loccasion-de-la-collation-des-grades-luqac-souligne-des-parcours-dexception\/\" \/>\r\n<meta property=\"og:locale\" content=\"fr_CA\" \/>\r\n<meta property=\"og:type\" content=\"article\" \/>\r\n<meta property=\"og:title\" content=\"Distinctions honorifiques \u00e0 l\u2019occasion de la Collation des grades: l\u2019UQAC souligne des parcours d\u2019exception - UQACtualit\u00e9s\" \/>\r\n<meta property=\"og:description\" content=\"L\u2019UQAC est fi\u00e8re d&rsquo;annoncer les distinctions honorifiques qui seront remises lors de la Collation des grades du 2 mai prochain. \u00c0 cette occasion, deux doctorats honoris causa et cinq m\u00e9dailles honorifiques seront d\u00e9cern\u00e9s \u00e0 des personnalit\u00e9s dont les parcours exceptionnels refl\u00e8tent un engagement profond envers la soci\u00e9t\u00e9. Par ces reconnaissances, l\u2019UQAC r\u00e9affirme son attachement aux [&hellip;]\" \/>\r\n<meta property=\"og:url\" content=\"https:\/\/www.uqac.ca\/uqactualites\/2026\/04\/23\/distinctions-honorifiques-a-loccasion-de-la-collation-des-grades-luqac-souligne-des-parcours-dexception\/\" \/>\r\n<meta property=\"og:site_name\" content=\"UQACtualit\u00e9s\" \/>\r\n<meta property=\"article:published_time\" content=\"2026-04-23T19:51:51+00:00\" \/>\r\n<meta property=\"article:modified_time\" content=\"2026-04-23T19:57:50+00:00\" \/>\r\n<meta property=\"og:image\" content=\"https:\/\/www.uqac.ca\/uqactualites\/wp-content\/uploads\/2026\/04\/NUM_CDG2026_Uqctualite1920X1080_DHC_Medailles.jpg\" \/>\r\n\t<meta property=\"og:image:width\" content=\"1920\" \/>\r\n\t<meta property=\"og:image:height\" content=\"1080\" \/>\r\n\t<meta property=\"og:image:type\" content=\"image\/jpeg\" \/>\r\n<meta name=\"author\" content=\"Service des communications et des relations publiques\" \/>\r\n<meta name=\"twitter:card\" content=\"summary_large_image\" \/>\r\n<meta name=\"twitter:label1\" content=\"\u00c9crit par\" \/>\n\t<meta name=\"twitter:data1\" content=\"Service des communications et des relations publiques\" \/>\n\t<meta name=\"twitter:label2\" content=\"Estimation du temps de lecture\" \/>\n\t<meta name=\"twitter:data2\" content=\"5 minutes\" \/>\r\n<script type=\"application\/ld+json\" class=\"yoast-schema-graph\">{\"@context\":\"https:\/\/schema.org\",\"@graph\":[{\"@type\":\"WebPage\",\"@id\":\"https:\/\/www.uqac.ca\/uqactualites\/2026\/04\/23\/distinctions-honorifiques-a-loccasion-de-la-collation-des-grades-luqac-souligne-des-parcours-dexception\/\",\"url\":\"https:\/\/www.uqac.ca\/uqactualites\/2026\/04\/23\/distinctions-honorifiques-a-loccasion-de-la-collation-des-grades-luqac-souligne-des-parcours-dexception\/\",\"name\":\"Distinctions honorifiques \u00e0 l\u2019occasion de la Collation des grades: l\u2019UQAC souligne des parcours d\u2019exception - UQACtualit\u00e9s\",\"isPartOf\":{\"@id\":\"https:\/\/www.uqac.ca\/uqactualites\/#website\"},\"primaryImageOfPage\":{\"@id\":\"https:\/\/www.uqac.ca\/uqactualites\/2026\/04\/23\/distinctions-honorifiques-a-loccasion-de-la-collation-des-grades-luqac-souligne-des-parcours-dexception\/#primaryimage\"},\"image\":{\"@id\":\"https:\/\/www.uqac.ca\/uqactualites\/2026\/04\/23\/distinctions-honorifiques-a-loccasion-de-la-collation-des-grades-luqac-souligne-des-parcours-dexception\/#primaryimage\"},\"thumbnailUrl\":\"https:\/\/www.uqac.ca\/uqactualites\/wp-content\/uploads\/2026\/04\/NUM_CDG2026_Uqctualite1920X1080_DHC_Medailles.jpg\",\"datePublished\":\"2026-04-23T19:51:51+00:00\",\"dateModified\":\"2026-04-23T19:57:50+00:00\",\"author\":{\"@id\":\"https:\/\/www.uqac.ca\/uqactualites\/#\/schema\/person\/366c45a0c4f0e677b41b4af5886e2018\"},\"breadcrumb\":{\"@id\":\"https:\/\/www.uqac.ca\/uqactualites\/2026\/04\/23\/distinctions-honorifiques-a-loccasion-de-la-collation-des-grades-luqac-souligne-des-parcours-dexception\/#breadcrumb\"},\"inLanguage\":\"fr-CA\",\"potentialAction\":[{\"@type\":\"ReadAction\",\"target\":[\"https:\/\/www.uqac.ca\/uqactualites\/2026\/04\/23\/distinctions-honorifiques-a-loccasion-de-la-collation-des-grades-luqac-souligne-des-parcours-dexception\/\"]}]},{\"@type\":\"ImageObject\",\"inLanguage\":\"fr-CA\",\"@id\":\"https:\/\/www.uqac.ca\/uqactualites\/2026\/04\/23\/distinctions-honorifiques-a-loccasion-de-la-collation-des-grades-luqac-souligne-des-parcours-dexception\/#primaryimage\",\"url\":\"https:\/\/www.uqac.ca\/uqactualites\/wp-content\/uploads\/2026\/04\/NUM_CDG2026_Uqctualite1920X1080_DHC_Medailles.jpg\",\"contentUrl\":\"https:\/\/www.uqac.ca\/uqactualites\/wp-content\/uploads\/2026\/04\/NUM_CDG2026_Uqctualite1920X1080_DHC_Medailles.jpg\",\"width\":1920,\"height\":1080},{\"@type\":\"BreadcrumbList\",\"@id\":\"https:\/\/www.uqac.ca\/uqactualites\/2026\/04\/23\/distinctions-honorifiques-a-loccasion-de-la-collation-des-grades-luqac-souligne-des-parcours-dexception\/#breadcrumb\",\"itemListElement\":[{\"@type\":\"ListItem\",\"position\":1,\"name\":\"Home\",\"item\":\"https:\/\/www.uqac.ca\/uqactualites\/\"},{\"@type\":\"ListItem\",\"position\":2,\"name\":\"Distinctions honorifiques \u00e0 l\u2019occasion de la Collation des grades: l\u2019UQAC souligne des parcours d\u2019exception\"}]},{\"@type\":\"WebSite\",\"@id\":\"https:\/\/www.uqac.ca\/uqactualites\/#website\",\"url\":\"https:\/\/www.uqac.ca\/uqactualites\/\",\"name\":\"UQACtualit\u00e9s\",\"description\":\"Le portail des nouvelles de l&#039;UQAC\",\"potentialAction\":[{\"@type\":\"SearchAction\",\"target\":{\"@type\":\"EntryPoint\",\"urlTemplate\":\"https:\/\/www.uqac.ca\/uqactualites\/?s={search_term_string}\"},\"query-input\":{\"@type\":\"PropertyValueSpecification\",\"valueRequired\":true,\"valueName\":\"search_term_string\"}}],\"inLanguage\":\"fr-CA\"},{\"@type\":\"Person\",\"@id\":\"https:\/\/www.uqac.ca\/uqactualites\/#\/schema\/person\/366c45a0c4f0e677b41b4af5886e2018\",\"name\":\"Service des communications et des relations publiques\",\"image\":{\"@type\":\"ImageObject\",\"inLanguage\":\"fr-CA\",\"@id\":\"https:\/\/www.uqac.ca\/uqactualites\/#\/schema\/person\/image\/\",\"url\":\"https:\/\/secure.gravatar.com\/avatar\/20fbbda8a292f59f2d3461a5b999c00b?s=96&d=mm&r=g\",\"contentUrl\":\"https:\/\/secure.gravatar.com\/avatar\/20fbbda8a292f59f2d3461a5b999c00b?s=96&d=mm&r=g\",\"caption\":\"Service des communications et des relations publiques\"},\"url\":\"https:\/\/www.uqac.ca\/uqactualites\/author\/bap\/\"}]}<\/script>\r\n<!-- \/ Yoast SEO plugin. -->","yoast_head_json":{"title":"Distinctions honorifiques \u00e0 l\u2019occasion de la Collation des grades: l\u2019UQAC souligne des parcours d\u2019exception - UQACtualit\u00e9s","robots":{"index":"index","follow":"follow","max-snippet":"max-snippet:-1","max-image-preview":"max-image-preview:large","max-video-preview":"max-video-preview:-1"},"canonical":"https:\/\/www.uqac.ca\/uqactualites\/2026\/04\/23\/distinctions-honorifiques-a-loccasion-de-la-collation-des-grades-luqac-souligne-des-parcours-dexception\/","og_locale":"fr_CA","og_type":"article","og_title":"Distinctions honorifiques \u00e0 l\u2019occasion de la Collation des grades: l\u2019UQAC souligne des parcours d\u2019exception - UQACtualit\u00e9s","og_description":"L\u2019UQAC est fi\u00e8re d&rsquo;annoncer les distinctions honorifiques qui seront remises lors de la Collation des grades du 2 mai prochain. \u00c0 cette occasion, deux doctorats honoris causa et cinq m\u00e9dailles honorifiques seront d\u00e9cern\u00e9s \u00e0 des personnalit\u00e9s dont les parcours exceptionnels refl\u00e8tent un engagement profond envers la soci\u00e9t\u00e9. Par ces reconnaissances, l\u2019UQAC r\u00e9affirme son attachement aux [&hellip;]","og_url":"https:\/\/www.uqac.ca\/uqactualites\/2026\/04\/23\/distinctions-honorifiques-a-loccasion-de-la-collation-des-grades-luqac-souligne-des-parcours-dexception\/","og_site_name":"UQACtualit\u00e9s","article_published_time":"2026-04-23T19:51:51+00:00","article_modified_time":"2026-04-23T19:57:50+00:00","og_image":[{"width":1920,"height":1080,"url":"https:\/\/www.uqac.ca\/uqactualites\/wp-content\/uploads\/2026\/04\/NUM_CDG2026_Uqctualite1920X1080_DHC_Medailles.jpg","type":"image\/jpeg"}],"author":"Service des communications et des relations publiques","twitter_card":"summary_large_image","twitter_misc":{"\u00c9crit par":"Service des communications et des relations publiques","Estimation du temps de lecture":"5 minutes"},"schema":{"@context":"https:\/\/schema.org","@graph":[{"@type":"WebPage","@id":"https:\/\/www.uqac.ca\/uqactualites\/2026\/04\/23\/distinctions-honorifiques-a-loccasion-de-la-collation-des-grades-luqac-souligne-des-parcours-dexception\/","url":"https:\/\/www.uqac.ca\/uqactualites\/2026\/04\/23\/distinctions-honorifiques-a-loccasion-de-la-collation-des-grades-luqac-souligne-des-parcours-dexception\/","name":"Distinctions honorifiques \u00e0 l\u2019occasion de la Collation des grades: l\u2019UQAC souligne des parcours d\u2019exception - UQACtualit\u00e9s","isPartOf":{"@id":"https:\/\/www.uqac.ca\/uqactualites\/#website"},"primaryImageOfPage":{"@id":"https:\/\/www.uqac.ca\/uqactualites\/2026\/04\/23\/distinctions-honorifiques-a-loccasion-de-la-collation-des-grades-luqac-souligne-des-parcours-dexception\/#primaryimage"},"image":{"@id":"https:\/\/www.uqac.ca\/uqactualites\/2026\/04\/23\/distinctions-honorifiques-a-loccasion-de-la-collation-des-grades-luqac-souligne-des-parcours-dexception\/#primaryimage"},"thumbnailUrl":"https:\/\/www.uqac.ca\/uqactualites\/wp-content\/uploads\/2026\/04\/NUM_CDG2026_Uqctualite1920X1080_DHC_Medailles.jpg","datePublished":"2026-04-23T19:51:51+00:00","dateModified":"2026-04-23T19:57:50+00:00","author":{"@id":"https:\/\/www.uqac.ca\/uqactualites\/#\/schema\/person\/366c45a0c4f0e677b41b4af5886e2018"},"breadcrumb":{"@id":"https:\/\/www.uqac.ca\/uqactualites\/2026\/04\/23\/distinctions-honorifiques-a-loccasion-de-la-collation-des-grades-luqac-souligne-des-parcours-dexception\/#breadcrumb"},"inLanguage":"fr-CA","potentialAction":[{"@type":"ReadAction","target":["https:\/\/www.uqac.ca\/uqactualites\/2026\/04\/23\/distinctions-honorifiques-a-loccasion-de-la-collation-des-grades-luqac-souligne-des-parcours-dexception\/"]}]},{"@type":"ImageObject","inLanguage":"fr-CA","@id":"https:\/\/www.uqac.ca\/uqactualites\/2026\/04\/23\/distinctions-honorifiques-a-loccasion-de-la-collation-des-grades-luqac-souligne-des-parcours-dexception\/#primaryimage","url":"https:\/\/www.uqac.ca\/uqactualites\/wp-content\/uploads\/2026\/04\/NUM_CDG2026_Uqctualite1920X1080_DHC_Medailles.jpg","contentUrl":"https:\/\/www.uqac.ca\/uqactualites\/wp-content\/uploads\/2026\/04\/NUM_CDG2026_Uqctualite1920X1080_DHC_Medailles.jpg","width":1920,"height":1080},{"@type":"BreadcrumbList","@id":"https:\/\/www.uqac.ca\/uqactualites\/2026\/04\/23\/distinctions-honorifiques-a-loccasion-de-la-collation-des-grades-luqac-souligne-des-parcours-dexception\/#breadcrumb","itemListElement":[{"@type":"ListItem","position":1,"name":"Home","item":"https:\/\/www.uqac.ca\/uqactualites\/"},{"@type":"ListItem","position":2,"name":"Distinctions honorifiques \u00e0 l\u2019occasion de la Collation des grades: l\u2019UQAC souligne des parcours d\u2019exception"}]},{"@type":"WebSite","@id":"https:\/\/www.uqac.ca\/uqactualites\/#website","url":"https:\/\/www.uqac.ca\/uqactualites\/","name":"UQACtualit\u00e9s","description":"Le portail des nouvelles de l&#039;UQAC","potentialAction":[{"@type":"SearchAction","target":{"@type":"EntryPoint","urlTemplate":"https:\/\/www.uqac.ca\/uqactualites\/?s={search_term_string}"},"query-input":{"@type":"PropertyValueSpecification","valueRequired":true,"valueName":"search_term_string"}}],"inLanguage":"fr-CA"},{"@type":"Person","@id":"https:\/\/www.uqac.ca\/uqactualites\/#\/schema\/person\/366c45a0c4f0e677b41b4af5886e2018","name":"Service des communications et des relations publiques","image":{"@type":"ImageObject","inLanguage":"fr-CA","@id":"https:\/\/www.uqac.ca\/uqactualites\/#\/schema\/person\/image\/","url":"https:\/\/secure.gravatar.com\/avatar\/20fbbda8a292f59f2d3461a5b999c00b?s=96&d=mm&r=g","contentUrl":"https:\/\/secure.gravatar.com\/avatar\/20fbbda8a292f59f2d3461a5b999c00b?s=96&d=mm&r=g","caption":"Service des communications et des relations publiques"},"url":"https:\/\/www.uqac.ca\/uqactualites\/author\/bap\/"}]}},"_links":{"self":[{"href":"https:\/\/www.uqac.ca\/uqactualites\/wp-json\/wp\/v2\/posts\/54583"}],"collection":[{"href":"https:\/\/www.uqac.ca\/uqactualites\/wp-json\/wp\/v2\/posts"}],"about":[{"href":"https:\/\/www.uqac.ca\/uqactualites\/wp-json\/wp\/v2\/types\/post"}],"author":[{"embeddable":true,"href":"https:\/\/www.uqac.ca\/uqactualites\/wp-json\/wp\/v2\/users\/5"}],"replies":[{"embeddable":true,"href":"https:\/\/www.uqac.ca\/uqactualites\/wp-json\/wp\/v2\/comments?post=54583"}],"version-history":[{"count":13,"href":"https:\/\/www.uqac.ca\/uqactualites\/wp-json\/wp\/v2\/posts\/54583\/revisions"}],"predecessor-version":[{"id":54606,"href":"https:\/\/www.uqac.ca\/uqactualites\/wp-json\/wp\/v2\/posts\/54583\/revisions\/54606"}],"wp:featuredmedia":[{"embeddable":true,"href":"https:\/\/www.uqac.ca\/uqactualites\/wp-json\/wp\/v2\/media\/54595"}],"wp:attachment":[{"href":"https:\/\/www.uqac.ca\/uqactualites\/wp-json\/wp\/v2\/media?parent=54583"}],"wp:term":[{"taxonomy":"category","embeddable":true,"href":"https:\/\/www.uqac.ca\/uqactualites\/wp-json\/wp\/v2\/categories?post=54583"},{"taxonomy":"post_tag","embeddable":true,"href":"https:\/\/www.uqac.ca\/uqactualites\/wp-json\/wp\/v2\/tags?post=54583"}],"curies":[{"name":"wp","href":"https:\/\/api.w.org\/{rel}","templated":true}]}}