{"id":54619,"date":"2026-04-24T09:08:14","date_gmt":"2026-04-24T13:08:14","guid":{"rendered":"https:\/\/www.uqac.ca\/uqactualites\/?p=54619"},"modified":"2026-04-24T09:08:14","modified_gmt":"2026-04-24T13:08:14","slug":"lecole-nad-uqac-souligne-lengagement-des-membres-de-sa-communaute","status":"publish","type":"post","link":"https:\/\/www.uqac.ca\/uqactualites\/2026\/04\/24\/lecole-nad-uqac-souligne-lengagement-des-membres-de-sa-communaute\/","title":{"rendered":"L&rsquo;\u00c9cole NAD-UQAC souligne l\u2019engagement des membres de sa communaut\u00e9"},"content":{"rendered":"<p>\u00c0 l\u2019occasion des F\u00eates de la reconnaissance, l\u2019<a href=\"https:\/\/www.nad.ca\/\"><strong>\u00c9cole NAD-UQAC<\/strong><\/a> a pris le temps de souligner l\u2019engagement, la cr\u00e9ativit\u00e9 et la collaboration qui animent sa communaut\u00e9. Trois activit\u00e9s ont permis de r\u00e9unir \u00e9tudiantes, \u00e9tudiants et membres du personnel dans une ambiance conviviale et festive.<\/p>\n<p><strong>Un moment convivial pour la communaut\u00e9 de Sherbrooke<\/strong><br \/>\nLe 15 avril, les membres du personnel et les personnes \u00e9tudiantes du campus de Sherbrooke se sont r\u00e9unis autour d\u2019un petit-d\u00e9jeuner convivial en compagnie de <strong>Manuelle Freire<\/strong>, doyenne associ\u00e9e de l\u2019\u00c9cole NAD-UQAC. Cette rencontre a favoris\u00e9 les \u00e9changes dans une atmosph\u00e8re chaleureuse et d\u00e9tendue, tout en c\u00e9l\u00e9brant l\u2019esprit de collaboration qui caract\u00e9rise la communaut\u00e9 du NAD-UQAC.<img loading=\"lazy\" decoding=\"async\" class=\"size-medium wp-image-54624 aligncenter\" src=\"https:\/\/www.uqac.ca\/uqactualites\/wp-content\/uploads\/2026\/04\/FR-2-Sherbrooke-300x169.jpg\" alt=\"\" width=\"300\" height=\"169\" srcset=\"https:\/\/www.uqac.ca\/uqactualites\/wp-content\/uploads\/2026\/04\/FR-2-Sherbrooke-300x169.jpg 300w, https:\/\/www.uqac.ca\/uqactualites\/wp-content\/uploads\/2026\/04\/FR-2-Sherbrooke-768x432.jpg 768w, https:\/\/www.uqac.ca\/uqactualites\/wp-content\/uploads\/2026\/04\/FR-2-Sherbrooke-150x84.jpg 150w, https:\/\/www.uqac.ca\/uqactualites\/wp-content\/uploads\/2026\/04\/FR-2-Sherbrooke-696x392.jpg 696w, https:\/\/www.uqac.ca\/uqactualites\/wp-content\/uploads\/2026\/04\/FR-2-Sherbrooke.jpg 1024w\" sizes=\"(max-width: 300px) 100vw, 300px\" \/><\/p>\n<p><strong>Un espace de reconnaissance pour la communaut\u00e9 \u00e9tudiante<\/strong><br \/>\nLe 16 avril, un espace sp\u00e9cial am\u00e9nag\u00e9 au campus de Montr\u00e9al invitait les personnes \u00e9tudiantes \u00e0 prendre une pause bien m\u00e9rit\u00e9e. Messages de reconnaissance et collations \u00e9taient au rendez-vous. Un tirage de 200 $ a \u00e9galement \u00e9t\u00e9 effectu\u00e9 parmi les personnes pr\u00e9sentes. \u00c0 cette occasion, <strong>Manuelle Freire<\/strong>\u00a0et <strong>Patrice S\u00e9guin<\/strong>, charg\u00e9 de gestion \u00e0 la Direction des services aux \u00e9tudiants de l\u2019UQAC, ont pris la parole pour exprimer leur gratitude envers l\u2019engagement de la communaut\u00e9 \u00e9tudiante. Ce moment chaleureux a permis de rappeler l\u2019importance de leur \u00e9nergie et de leur talent dans la vie de l\u2019\u00c9cole.<\/p>\n<p><img loading=\"lazy\" decoding=\"async\" class=\"alignnone size-medium wp-image-54620\" src=\"https:\/\/www.uqac.ca\/uqactualites\/wp-content\/uploads\/2026\/04\/FR-4-MTL-300x169.jpg\" alt=\"\" width=\"300\" height=\"169\" srcset=\"https:\/\/www.uqac.ca\/uqactualites\/wp-content\/uploads\/2026\/04\/FR-4-MTL-300x169.jpg 300w, https:\/\/www.uqac.ca\/uqactualites\/wp-content\/uploads\/2026\/04\/FR-4-MTL-1024x576.jpg 1024w, https:\/\/www.uqac.ca\/uqactualites\/wp-content\/uploads\/2026\/04\/FR-4-MTL-768x432.jpg 768w, https:\/\/www.uqac.ca\/uqactualites\/wp-content\/uploads\/2026\/04\/FR-4-MTL-1536x864.jpg 1536w, https:\/\/www.uqac.ca\/uqactualites\/wp-content\/uploads\/2026\/04\/FR-4-MTL-2048x1152.jpg 2048w, https:\/\/www.uqac.ca\/uqactualites\/wp-content\/uploads\/2026\/04\/FR-4-MTL-150x84.jpg 150w, https:\/\/www.uqac.ca\/uqactualites\/wp-content\/uploads\/2026\/04\/FR-4-MTL-696x391.jpg 696w, https:\/\/www.uqac.ca\/uqactualites\/wp-content\/uploads\/2026\/04\/FR-4-MTL-1068x601.jpg 1068w, https:\/\/www.uqac.ca\/uqactualites\/wp-content\/uploads\/2026\/04\/FR-4-MTL-1920x1080.jpg 1920w\" sizes=\"(max-width: 300px) 100vw, 300px\" \/> <img loading=\"lazy\" decoding=\"async\" class=\"alignnone size-medium wp-image-54621\" src=\"https:\/\/www.uqac.ca\/uqactualites\/wp-content\/uploads\/2026\/04\/FR-3-MTL-300x169.jpg\" alt=\"\" width=\"300\" height=\"169\" srcset=\"https:\/\/www.uqac.ca\/uqactualites\/wp-content\/uploads\/2026\/04\/FR-3-MTL-300x169.jpg 300w, https:\/\/www.uqac.ca\/uqactualites\/wp-content\/uploads\/2026\/04\/FR-3-MTL-1024x576.jpg 1024w, https:\/\/www.uqac.ca\/uqactualites\/wp-content\/uploads\/2026\/04\/FR-3-MTL-768x432.jpg 768w, https:\/\/www.uqac.ca\/uqactualites\/wp-content\/uploads\/2026\/04\/FR-3-MTL-1536x864.jpg 1536w, https:\/\/www.uqac.ca\/uqactualites\/wp-content\/uploads\/2026\/04\/FR-3-MTL-2048x1152.jpg 2048w, https:\/\/www.uqac.ca\/uqactualites\/wp-content\/uploads\/2026\/04\/FR-3-MTL-150x84.jpg 150w, https:\/\/www.uqac.ca\/uqactualites\/wp-content\/uploads\/2026\/04\/FR-3-MTL-696x392.jpg 696w, https:\/\/www.uqac.ca\/uqactualites\/wp-content\/uploads\/2026\/04\/FR-3-MTL-1068x601.jpg 1068w, https:\/\/www.uqac.ca\/uqactualites\/wp-content\/uploads\/2026\/04\/FR-3-MTL-1920x1080.jpg 1920w\" sizes=\"(max-width: 300px) 100vw, 300px\" \/> <img loading=\"lazy\" decoding=\"async\" class=\"size-medium wp-image-54622 aligncenter\" src=\"https:\/\/www.uqac.ca\/uqactualites\/wp-content\/uploads\/2026\/04\/FR-2-MTL-300x169.jpg\" alt=\"\" width=\"300\" height=\"169\" srcset=\"https:\/\/www.uqac.ca\/uqactualites\/wp-content\/uploads\/2026\/04\/FR-2-MTL-300x169.jpg 300w, https:\/\/www.uqac.ca\/uqactualites\/wp-content\/uploads\/2026\/04\/FR-2-MTL-1024x576.jpg 1024w, https:\/\/www.uqac.ca\/uqactualites\/wp-content\/uploads\/2026\/04\/FR-2-MTL-768x432.jpg 768w, https:\/\/www.uqac.ca\/uqactualites\/wp-content\/uploads\/2026\/04\/FR-2-MTL-1536x864.jpg 1536w, https:\/\/www.uqac.ca\/uqactualites\/wp-content\/uploads\/2026\/04\/FR-2-MTL-2048x1152.jpg 2048w, https:\/\/www.uqac.ca\/uqactualites\/wp-content\/uploads\/2026\/04\/FR-2-MTL-150x84.jpg 150w, https:\/\/www.uqac.ca\/uqactualites\/wp-content\/uploads\/2026\/04\/FR-2-MTL-696x392.jpg 696w, https:\/\/www.uqac.ca\/uqactualites\/wp-content\/uploads\/2026\/04\/FR-2-MTL-1068x601.jpg 1068w, https:\/\/www.uqac.ca\/uqactualites\/wp-content\/uploads\/2026\/04\/FR-2-MTL-1920x1080.jpg 1920w\" sizes=\"(max-width: 300px) 100vw, 300px\" \/><\/p>\n<p><strong>Une vid\u00e9o pour remercier les \u00e9tudiantes et \u00e9tudiants<\/strong><br \/>\nUne vid\u00e9o de reconnaissance a \u00e9galement \u00e9t\u00e9 d\u00e9voil\u00e9e afin de remercier les \u00e9tudiantes et \u00e9tudiants pour leur travail, leur passion et leur engagement au quotidien. \u00c0 travers ce message, l\u2019\u00c9cole a souhait\u00e9 mettre en lumi\u00e8re leur r\u00f4le essentiel dans le dynamisme et le rayonnement du NAD-UQAC.<a href=\"https:\/\/youtu.be\/cjg7PNNfWlU\"><img loading=\"lazy\" decoding=\"async\" class=\"size-medium wp-image-54628 aligncenter\" src=\"https:\/\/www.uqac.ca\/uqactualites\/wp-content\/uploads\/2026\/04\/Gabarit-Affichage-television-NAD-UQAC-300x169.jpg\" alt=\"\" width=\"300\" height=\"169\" srcset=\"https:\/\/www.uqac.ca\/uqactualites\/wp-content\/uploads\/2026\/04\/Gabarit-Affichage-television-NAD-UQAC-300x169.jpg 300w, https:\/\/www.uqac.ca\/uqactualites\/wp-content\/uploads\/2026\/04\/Gabarit-Affichage-television-NAD-UQAC-1024x576.jpg 1024w, https:\/\/www.uqac.ca\/uqactualites\/wp-content\/uploads\/2026\/04\/Gabarit-Affichage-television-NAD-UQAC-768x432.jpg 768w, https:\/\/www.uqac.ca\/uqactualites\/wp-content\/uploads\/2026\/04\/Gabarit-Affichage-television-NAD-UQAC-1536x864.jpg 1536w, https:\/\/www.uqac.ca\/uqactualites\/wp-content\/uploads\/2026\/04\/Gabarit-Affichage-television-NAD-UQAC-150x84.jpg 150w, https:\/\/www.uqac.ca\/uqactualites\/wp-content\/uploads\/2026\/04\/Gabarit-Affichage-television-NAD-UQAC-696x392.jpg 696w, https:\/\/www.uqac.ca\/uqactualites\/wp-content\/uploads\/2026\/04\/Gabarit-Affichage-television-NAD-UQAC-1068x601.jpg 1068w, https:\/\/www.uqac.ca\/uqactualites\/wp-content\/uploads\/2026\/04\/Gabarit-Affichage-television-NAD-UQAC.jpg 1920w\" sizes=\"(max-width: 300px) 100vw, 300px\" \/><\/a><\/p>\n<p><strong>Un petit-d\u00e9jeuner pour le personnel<\/strong><br \/>\nLe 22 avril, les membres du personnel du campus de Montr\u00e9al se sont retrouv\u00e9s autour d\u2019un petit-d\u00e9jeuner \u00e0 la cuisine du 7e \u00e9tage. Cette rencontre conviviale a permis d\u2019\u00e9changer et de souligner l\u2019engagement des \u00e9quipes qui contribuent, chaque jour, \u00e0 faire du NAD-UQAC un milieu inspirant.<\/p>\n<p>Par ces initiatives, l\u2019\u00c9cole NAD-UQAC r\u00e9affirme l\u2019importance de reconna\u00eetre celles et ceux qui, par leur passion et leur engagement, participent \u00e0 b\u00e2tir une communaut\u00e9 cr\u00e9ative, dynamique et humaine.<\/p>\n<p><img loading=\"lazy\" decoding=\"async\" class=\"size-medium wp-image-54623 aligncenter\" src=\"https:\/\/www.uqac.ca\/uqactualites\/wp-content\/uploads\/2026\/04\/FR-1-MTL-300x169.jpg\" alt=\"\" width=\"300\" height=\"169\" srcset=\"https:\/\/www.uqac.ca\/uqactualites\/wp-content\/uploads\/2026\/04\/FR-1-MTL-300x169.jpg 300w, https:\/\/www.uqac.ca\/uqactualites\/wp-content\/uploads\/2026\/04\/FR-1-MTL-1024x576.jpg 1024w, https:\/\/www.uqac.ca\/uqactualites\/wp-content\/uploads\/2026\/04\/FR-1-MTL-768x432.jpg 768w, https:\/\/www.uqac.ca\/uqactualites\/wp-content\/uploads\/2026\/04\/FR-1-MTL-1536x864.jpg 1536w, https:\/\/www.uqac.ca\/uqactualites\/wp-content\/uploads\/2026\/04\/FR-1-MTL-2048x1152.jpg 2048w, https:\/\/www.uqac.ca\/uqactualites\/wp-content\/uploads\/2026\/04\/FR-1-MTL-150x84.jpg 150w, https:\/\/www.uqac.ca\/uqactualites\/wp-content\/uploads\/2026\/04\/FR-1-MTL-696x392.jpg 696w, https:\/\/www.uqac.ca\/uqactualites\/wp-content\/uploads\/2026\/04\/FR-1-MTL-1068x601.jpg 1068w, https:\/\/www.uqac.ca\/uqactualites\/wp-content\/uploads\/2026\/04\/FR-1-MTL-1920x1080.jpg 1920w\" sizes=\"(max-width: 300px) 100vw, 300px\" \/><\/p>\n","protected":false},"excerpt":{"rendered":"<p>\u00c0 l\u2019occasion des F\u00eates de la reconnaissance, l\u2019\u00c9cole NAD-UQAC a pris le temps de souligner l\u2019engagement, la cr\u00e9ativit\u00e9 et la collaboration qui animent sa communaut\u00e9. Trois activit\u00e9s ont permis de r\u00e9unir \u00e9tudiantes, \u00e9tudiants et membres du personnel dans une ambiance conviviale et festive. Un moment convivial pour la communaut\u00e9 de Sherbrooke Le 15 avril, les [&hellip;]<\/p>\n","protected":false},"author":5,"featured_media":54625,"comment_status":"closed","ping_status":"open","sticky":false,"template":"","format":"standard","meta":{"footnotes":""},"categories":[2],"tags":[],"yoast_head":"<!-- This site is optimized with the Yoast SEO plugin v24.2 - https:\/\/yoast.com\/wordpress\/plugins\/seo\/ -->\r\n<title>L&#039;\u00c9cole NAD-UQAC souligne l\u2019engagement des membres de sa communaut\u00e9 - UQACtualit\u00e9s<\/title>\r\n<meta name=\"robots\" content=\"index, follow, max-snippet:-1, max-image-preview:large, max-video-preview:-1\" \/>\r\n<link rel=\"canonical\" href=\"https:\/\/www.uqac.ca\/uqactualites\/2026\/04\/24\/lecole-nad-uqac-souligne-lengagement-des-membres-de-sa-communaute\/\" \/>\r\n<meta property=\"og:locale\" content=\"fr_CA\" \/>\r\n<meta property=\"og:type\" content=\"article\" \/>\r\n<meta property=\"og:title\" content=\"L&#039;\u00c9cole NAD-UQAC souligne l\u2019engagement des membres de sa communaut\u00e9 - UQACtualit\u00e9s\" \/>\r\n<meta property=\"og:description\" content=\"\u00c0 l\u2019occasion des F\u00eates de la reconnaissance, l\u2019\u00c9cole NAD-UQAC a pris le temps de souligner l\u2019engagement, la cr\u00e9ativit\u00e9 et la collaboration qui animent sa communaut\u00e9. Trois activit\u00e9s ont permis de r\u00e9unir \u00e9tudiantes, \u00e9tudiants et membres du personnel dans une ambiance conviviale et festive. Un moment convivial pour la communaut\u00e9 de Sherbrooke Le 15 avril, les [&hellip;]\" \/>\r\n<meta property=\"og:url\" content=\"https:\/\/www.uqac.ca\/uqactualites\/2026\/04\/24\/lecole-nad-uqac-souligne-lengagement-des-membres-de-sa-communaute\/\" \/>\r\n<meta property=\"og:site_name\" content=\"UQACtualit\u00e9s\" \/>\r\n<meta property=\"article:published_time\" content=\"2026-04-24T13:08:14+00:00\" \/>\r\n<meta property=\"og:image\" content=\"https:\/\/www.uqac.ca\/uqactualites\/wp-content\/uploads\/2026\/04\/FR-1-Sherbrooke.jpg\" \/>\r\n\t<meta property=\"og:image:width\" content=\"1024\" \/>\r\n\t<meta property=\"og:image:height\" content=\"576\" \/>\r\n\t<meta property=\"og:image:type\" content=\"image\/jpeg\" \/>\r\n<meta name=\"author\" content=\"Service des communications et des relations publiques\" \/>\r\n<meta name=\"twitter:card\" content=\"summary_large_image\" \/>\r\n<meta name=\"twitter:label1\" content=\"\u00c9crit par\" \/>\n\t<meta name=\"twitter:data1\" content=\"Service des communications et des relations publiques\" \/>\n\t<meta name=\"twitter:label2\" content=\"Estimation du temps de lecture\" \/>\n\t<meta name=\"twitter:data2\" content=\"4 minutes\" \/>\r\n<script type=\"application\/ld+json\" class=\"yoast-schema-graph\">{\"@context\":\"https:\/\/schema.org\",\"@graph\":[{\"@type\":\"WebPage\",\"@id\":\"https:\/\/www.uqac.ca\/uqactualites\/2026\/04\/24\/lecole-nad-uqac-souligne-lengagement-des-membres-de-sa-communaute\/\",\"url\":\"https:\/\/www.uqac.ca\/uqactualites\/2026\/04\/24\/lecole-nad-uqac-souligne-lengagement-des-membres-de-sa-communaute\/\",\"name\":\"L'\u00c9cole NAD-UQAC souligne l\u2019engagement des membres de sa communaut\u00e9 - UQACtualit\u00e9s\",\"isPartOf\":{\"@id\":\"https:\/\/www.uqac.ca\/uqactualites\/#website\"},\"primaryImageOfPage\":{\"@id\":\"https:\/\/www.uqac.ca\/uqactualites\/2026\/04\/24\/lecole-nad-uqac-souligne-lengagement-des-membres-de-sa-communaute\/#primaryimage\"},\"image\":{\"@id\":\"https:\/\/www.uqac.ca\/uqactualites\/2026\/04\/24\/lecole-nad-uqac-souligne-lengagement-des-membres-de-sa-communaute\/#primaryimage\"},\"thumbnailUrl\":\"https:\/\/www.uqac.ca\/uqactualites\/wp-content\/uploads\/2026\/04\/FR-1-Sherbrooke.jpg\",\"datePublished\":\"2026-04-24T13:08:14+00:00\",\"dateModified\":\"2026-04-24T13:08:14+00:00\",\"author\":{\"@id\":\"https:\/\/www.uqac.ca\/uqactualites\/#\/schema\/person\/366c45a0c4f0e677b41b4af5886e2018\"},\"breadcrumb\":{\"@id\":\"https:\/\/www.uqac.ca\/uqactualites\/2026\/04\/24\/lecole-nad-uqac-souligne-lengagement-des-membres-de-sa-communaute\/#breadcrumb\"},\"inLanguage\":\"fr-CA\",\"potentialAction\":[{\"@type\":\"ReadAction\",\"target\":[\"https:\/\/www.uqac.ca\/uqactualites\/2026\/04\/24\/lecole-nad-uqac-souligne-lengagement-des-membres-de-sa-communaute\/\"]}]},{\"@type\":\"ImageObject\",\"inLanguage\":\"fr-CA\",\"@id\":\"https:\/\/www.uqac.ca\/uqactualites\/2026\/04\/24\/lecole-nad-uqac-souligne-lengagement-des-membres-de-sa-communaute\/#primaryimage\",\"url\":\"https:\/\/www.uqac.ca\/uqactualites\/wp-content\/uploads\/2026\/04\/FR-1-Sherbrooke.jpg\",\"contentUrl\":\"https:\/\/www.uqac.ca\/uqactualites\/wp-content\/uploads\/2026\/04\/FR-1-Sherbrooke.jpg\",\"width\":1024,\"height\":576},{\"@type\":\"BreadcrumbList\",\"@id\":\"https:\/\/www.uqac.ca\/uqactualites\/2026\/04\/24\/lecole-nad-uqac-souligne-lengagement-des-membres-de-sa-communaute\/#breadcrumb\",\"itemListElement\":[{\"@type\":\"ListItem\",\"position\":1,\"name\":\"Home\",\"item\":\"https:\/\/www.uqac.ca\/uqactualites\/\"},{\"@type\":\"ListItem\",\"position\":2,\"name\":\"L&rsquo;\u00c9cole NAD-UQAC souligne l\u2019engagement des membres de sa communaut\u00e9\"}]},{\"@type\":\"WebSite\",\"@id\":\"https:\/\/www.uqac.ca\/uqactualites\/#website\",\"url\":\"https:\/\/www.uqac.ca\/uqactualites\/\",\"name\":\"UQACtualit\u00e9s\",\"description\":\"Le portail des nouvelles de l&#039;UQAC\",\"potentialAction\":[{\"@type\":\"SearchAction\",\"target\":{\"@type\":\"EntryPoint\",\"urlTemplate\":\"https:\/\/www.uqac.ca\/uqactualites\/?s={search_term_string}\"},\"query-input\":{\"@type\":\"PropertyValueSpecification\",\"valueRequired\":true,\"valueName\":\"search_term_string\"}}],\"inLanguage\":\"fr-CA\"},{\"@type\":\"Person\",\"@id\":\"https:\/\/www.uqac.ca\/uqactualites\/#\/schema\/person\/366c45a0c4f0e677b41b4af5886e2018\",\"name\":\"Service des communications et des relations publiques\",\"image\":{\"@type\":\"ImageObject\",\"inLanguage\":\"fr-CA\",\"@id\":\"https:\/\/www.uqac.ca\/uqactualites\/#\/schema\/person\/image\/\",\"url\":\"https:\/\/secure.gravatar.com\/avatar\/20fbbda8a292f59f2d3461a5b999c00b?s=96&d=mm&r=g\",\"contentUrl\":\"https:\/\/secure.gravatar.com\/avatar\/20fbbda8a292f59f2d3461a5b999c00b?s=96&d=mm&r=g\",\"caption\":\"Service des communications et des relations publiques\"},\"url\":\"https:\/\/www.uqac.ca\/uqactualites\/author\/bap\/\"}]}<\/script>\r\n<!-- \/ Yoast SEO plugin. -->","yoast_head_json":{"title":"L'\u00c9cole NAD-UQAC souligne l\u2019engagement des membres de sa communaut\u00e9 - UQACtualit\u00e9s","robots":{"index":"index","follow":"follow","max-snippet":"max-snippet:-1","max-image-preview":"max-image-preview:large","max-video-preview":"max-video-preview:-1"},"canonical":"https:\/\/www.uqac.ca\/uqactualites\/2026\/04\/24\/lecole-nad-uqac-souligne-lengagement-des-membres-de-sa-communaute\/","og_locale":"fr_CA","og_type":"article","og_title":"L'\u00c9cole NAD-UQAC souligne l\u2019engagement des membres de sa communaut\u00e9 - UQACtualit\u00e9s","og_description":"\u00c0 l\u2019occasion des F\u00eates de la reconnaissance, l\u2019\u00c9cole NAD-UQAC a pris le temps de souligner l\u2019engagement, la cr\u00e9ativit\u00e9 et la collaboration qui animent sa communaut\u00e9. Trois activit\u00e9s ont permis de r\u00e9unir \u00e9tudiantes, \u00e9tudiants et membres du personnel dans une ambiance conviviale et festive. Un moment convivial pour la communaut\u00e9 de Sherbrooke Le 15 avril, les [&hellip;]","og_url":"https:\/\/www.uqac.ca\/uqactualites\/2026\/04\/24\/lecole-nad-uqac-souligne-lengagement-des-membres-de-sa-communaute\/","og_site_name":"UQACtualit\u00e9s","article_published_time":"2026-04-24T13:08:14+00:00","og_image":[{"width":1024,"height":576,"url":"https:\/\/www.uqac.ca\/uqactualites\/wp-content\/uploads\/2026\/04\/FR-1-Sherbrooke.jpg","type":"image\/jpeg"}],"author":"Service des communications et des relations publiques","twitter_card":"summary_large_image","twitter_misc":{"\u00c9crit par":"Service des communications et des relations publiques","Estimation du temps de lecture":"4 minutes"},"schema":{"@context":"https:\/\/schema.org","@graph":[{"@type":"WebPage","@id":"https:\/\/www.uqac.ca\/uqactualites\/2026\/04\/24\/lecole-nad-uqac-souligne-lengagement-des-membres-de-sa-communaute\/","url":"https:\/\/www.uqac.ca\/uqactualites\/2026\/04\/24\/lecole-nad-uqac-souligne-lengagement-des-membres-de-sa-communaute\/","name":"L'\u00c9cole NAD-UQAC souligne l\u2019engagement des membres de sa communaut\u00e9 - UQACtualit\u00e9s","isPartOf":{"@id":"https:\/\/www.uqac.ca\/uqactualites\/#website"},"primaryImageOfPage":{"@id":"https:\/\/www.uqac.ca\/uqactualites\/2026\/04\/24\/lecole-nad-uqac-souligne-lengagement-des-membres-de-sa-communaute\/#primaryimage"},"image":{"@id":"https:\/\/www.uqac.ca\/uqactualites\/2026\/04\/24\/lecole-nad-uqac-souligne-lengagement-des-membres-de-sa-communaute\/#primaryimage"},"thumbnailUrl":"https:\/\/www.uqac.ca\/uqactualites\/wp-content\/uploads\/2026\/04\/FR-1-Sherbrooke.jpg","datePublished":"2026-04-24T13:08:14+00:00","dateModified":"2026-04-24T13:08:14+00:00","author":{"@id":"https:\/\/www.uqac.ca\/uqactualites\/#\/schema\/person\/366c45a0c4f0e677b41b4af5886e2018"},"breadcrumb":{"@id":"https:\/\/www.uqac.ca\/uqactualites\/2026\/04\/24\/lecole-nad-uqac-souligne-lengagement-des-membres-de-sa-communaute\/#breadcrumb"},"inLanguage":"fr-CA","potentialAction":[{"@type":"ReadAction","target":["https:\/\/www.uqac.ca\/uqactualites\/2026\/04\/24\/lecole-nad-uqac-souligne-lengagement-des-membres-de-sa-communaute\/"]}]},{"@type":"ImageObject","inLanguage":"fr-CA","@id":"https:\/\/www.uqac.ca\/uqactualites\/2026\/04\/24\/lecole-nad-uqac-souligne-lengagement-des-membres-de-sa-communaute\/#primaryimage","url":"https:\/\/www.uqac.ca\/uqactualites\/wp-content\/uploads\/2026\/04\/FR-1-Sherbrooke.jpg","contentUrl":"https:\/\/www.uqac.ca\/uqactualites\/wp-content\/uploads\/2026\/04\/FR-1-Sherbrooke.jpg","width":1024,"height":576},{"@type":"BreadcrumbList","@id":"https:\/\/www.uqac.ca\/uqactualites\/2026\/04\/24\/lecole-nad-uqac-souligne-lengagement-des-membres-de-sa-communaute\/#breadcrumb","itemListElement":[{"@type":"ListItem","position":1,"name":"Home","item":"https:\/\/www.uqac.ca\/uqactualites\/"},{"@type":"ListItem","position":2,"name":"L&rsquo;\u00c9cole NAD-UQAC souligne l\u2019engagement des membres de sa communaut\u00e9"}]},{"@type":"WebSite","@id":"https:\/\/www.uqac.ca\/uqactualites\/#website","url":"https:\/\/www.uqac.ca\/uqactualites\/","name":"UQACtualit\u00e9s","description":"Le portail des nouvelles de l&#039;UQAC","potentialAction":[{"@type":"SearchAction","target":{"@type":"EntryPoint","urlTemplate":"https:\/\/www.uqac.ca\/uqactualites\/?s={search_term_string}"},"query-input":{"@type":"PropertyValueSpecification","valueRequired":true,"valueName":"search_term_string"}}],"inLanguage":"fr-CA"},{"@type":"Person","@id":"https:\/\/www.uqac.ca\/uqactualites\/#\/schema\/person\/366c45a0c4f0e677b41b4af5886e2018","name":"Service des communications et des relations publiques","image":{"@type":"ImageObject","inLanguage":"fr-CA","@id":"https:\/\/www.uqac.ca\/uqactualites\/#\/schema\/person\/image\/","url":"https:\/\/secure.gravatar.com\/avatar\/20fbbda8a292f59f2d3461a5b999c00b?s=96&d=mm&r=g","contentUrl":"https:\/\/secure.gravatar.com\/avatar\/20fbbda8a292f59f2d3461a5b999c00b?s=96&d=mm&r=g","caption":"Service des communications et des relations publiques"},"url":"https:\/\/www.uqac.ca\/uqactualites\/author\/bap\/"}]}},"_links":{"self":[{"href":"https:\/\/www.uqac.ca\/uqactualites\/wp-json\/wp\/v2\/posts\/54619"}],"collection":[{"href":"https:\/\/www.uqac.ca\/uqactualites\/wp-json\/wp\/v2\/posts"}],"about":[{"href":"https:\/\/www.uqac.ca\/uqactualites\/wp-json\/wp\/v2\/types\/post"}],"author":[{"embeddable":true,"href":"https:\/\/www.uqac.ca\/uqactualites\/wp-json\/wp\/v2\/users\/5"}],"replies":[{"embeddable":true,"href":"https:\/\/www.uqac.ca\/uqactualites\/wp-json\/wp\/v2\/comments?post=54619"}],"version-history":[{"count":3,"href":"https:\/\/www.uqac.ca\/uqactualites\/wp-json\/wp\/v2\/posts\/54619\/revisions"}],"predecessor-version":[{"id":54629,"href":"https:\/\/www.uqac.ca\/uqactualites\/wp-json\/wp\/v2\/posts\/54619\/revisions\/54629"}],"wp:featuredmedia":[{"embeddable":true,"href":"https:\/\/www.uqac.ca\/uqactualites\/wp-json\/wp\/v2\/media\/54625"}],"wp:attachment":[{"href":"https:\/\/www.uqac.ca\/uqactualites\/wp-json\/wp\/v2\/media?parent=54619"}],"wp:term":[{"taxonomy":"category","embeddable":true,"href":"https:\/\/www.uqac.ca\/uqactualites\/wp-json\/wp\/v2\/categories?post=54619"},{"taxonomy":"post_tag","embeddable":true,"href":"https:\/\/www.uqac.ca\/uqactualites\/wp-json\/wp\/v2\/tags?post=54619"}],"curies":[{"name":"wp","href":"https:\/\/api.w.org\/{rel}","templated":true}]}}