{"id":96,"date":"2021-11-22T13:54:14","date_gmt":"2021-11-22T13:54:14","guid":{"rendered":"http:\/\/www.uqac.ca\/blogue-recteur\/?p=96"},"modified":"2023-10-23T09:39:15","modified_gmt":"2023-10-23T13:39:15","slug":"la-communaute-universitaire-mobilisee-pour-accueillir-les-futurs-etudiants","status":"publish","type":"post","link":"https:\/\/www.uqac.ca\/uqactualites\/2021\/11\/22\/la-communaute-universitaire-mobilisee-pour-accueillir-les-futurs-etudiants\/","title":{"rendered":"La communaut\u00e9 universitaire mobilis\u00e9e pour accueillir les futur\u00b7es \u00e9tudiant\u00b7es"},"content":{"rendered":"<p>\u00c0 quelques jours des Portes ouvertes, je constate avec enthousiasme la grande mobilisation entourant cette activit\u00e9 de recrutement incontournable pour notre universit\u00e9. La programmation envoy\u00e9e la semaine derni\u00e8re d\u00e9montre une fois de plus la diversit\u00e9 et le caract\u00e8re unique de notre offre de programmes ainsi que la qualit\u00e9 de l\u2019enseignement et de l\u2019accompagnement disponibles.<\/p>\n<p>Comme plus d\u2019une centaine de membres de la communaut\u00e9 universitaire, je serai aussi pr\u00e9sent \u00e0 ce grand rendez-vous en compagnie des membres de l\u2019\u00e9quipe de direction pour accueillir et accompagner les futur\u00b7es \u00e9tudiant\u00b7es et leurs parents. Le recrutement est un enjeu de taille pour notre universit\u00e9 et l\u2019implication de tous est la cl\u00e9 de la r\u00e9ussite pour arriver \u00e0 se d\u00e9marquer et faire de l\u2019UQAC le premier choix des \u00e9tudiant\u00b7es pour la poursuite des \u00e9tudes universitaires.<\/p>\n<p>Des participant\u00b7es de partout dans le monde sont donc attendu\u00b7es en virtuel et en pr\u00e9sence au cours de la journ\u00e9e, et ce, sur tous nos campus, autant \u00e0 Saguenay et \u00e0 Montr\u00e9al qu\u2019\u00e0 Sept-\u00celes. En plus de d\u00e9couvrir les 200 programmes propos\u00e9s chez nous et les nombreux services et opportunit\u00e9s offerts, ce sera l\u2019occasion de participer \u00e0 diff\u00e9rents ateliers pour mieux comprendre les \u00e9tudes universitaires. Il sera aussi possible de visiter nos campus pour y d\u00e9couvrir un milieu d\u2019apprentissage et de vie stimulant ainsi que des infrastructures modernes r\u00e9pondant aux besoins d\u2019enseignement et de recherche.<\/p>\n<p>Je tiens \u00e0 remercier et f\u00e9liciter tous ceux et celles qui participent, de pr\u00e8s ou de loin, \u00e0 cet \u00e9v\u00e9nement. C\u2019est ensemble que nous pouvons d\u00e9montrer la vraie nature de notre universit\u00e9, celle qui est \u00e0 l\u2019image des gens qui la composent. Nous sommes tous des ambassadeurs et ambassadrices de l\u2019UQAC. Je vous invite \u00e0 partager l\u2019invitation aux futur\u00b7es \u00e9tudiant\u00b7es de votre entourage afin de faire de cette journ\u00e9e le plus grand des succ\u00e8s.<\/p>\n<p>Plus de 30 000 $ en bourses d\u2019\u00e9tudes seront tir\u00e9es parmi les participants\u00b7es, dont 5 000 $ offerts en collaboration avec la Fondation de l\u2019UQAC. De plus, les admissions seront gratuites pendant toute la fin de semaine. C\u2019est un rendez-vous \u00e0 ne pas manquer et votre participation \u00e0 l\u2019organisation et la diffusion de cet \u00e9v\u00e9nement est l\u2019une des cl\u00e9s de sa r\u00e9ussite!<\/p>\n<p>Enfin, permettez-moi de mettre en lumi\u00e8re le travail effectu\u00e9 par nos charg\u00e9s et charg\u00e9es de cours. En effet, le 22 novembre est une journ\u00e9e qu\u2019il leur est d\u00e9di\u00e9e et, bien que je leur ai fait parvenir un message particulier, je tenais \u00e0 souligner, ici, leur importante contribution \u00e0 la r\u00e9ussite de notre mission de m\u00eame qu\u2019\u00e0 notre vie universitaire. Je vous invite \u00e9galement \u00e0 profiter de cette journ\u00e9e pour faire conna\u00eetre votre appr\u00e9ciation \u00e0 celles et ceux qui jouent cet important r\u00f4le autour de vous.<\/p>\n","protected":false},"excerpt":{"rendered":"<p>\u00c0 quelques jours des Portes ouvertes, je constate avec enthousiasme la grande mobilisation entourant cette activit\u00e9 de recrutement incontournable pour notre universit\u00e9. La programmation envoy\u00e9e la semaine derni\u00e8re d\u00e9montre une fois de plus la diversit\u00e9 et le caract\u00e8re unique de notre offre de programmes ainsi que la qualit\u00e9 de l\u2019enseignement et de l\u2019accompagnement disponibles. Comme [&hellip;]<\/p>\n","protected":false},"author":10,"featured_media":97,"comment_status":"closed","ping_status":"closed","sticky":false,"template":"","format":"standard","meta":{"footnotes":""},"categories":[2792,1,2793],"tags":[],"yoast_head":"<!-- This site is optimized with the Yoast SEO plugin v24.2 - https:\/\/yoast.com\/wordpress\/plugins\/seo\/ -->\r\n<title>La communaut\u00e9 universitaire mobilis\u00e9e pour accueillir les futur\u00b7es \u00e9tudiant\u00b7es - UQACtualit\u00e9s<\/title>\r\n<meta name=\"robots\" content=\"index, follow, max-snippet:-1, max-image-preview:large, max-video-preview:-1\" \/>\r\n<link rel=\"canonical\" href=\"https:\/\/www.uqac.ca\/uqactualites\/2021\/11\/22\/la-communaute-universitaire-mobilisee-pour-accueillir-les-futurs-etudiants\/\" \/>\r\n<meta property=\"og:locale\" content=\"fr_CA\" \/>\r\n<meta property=\"og:type\" content=\"article\" \/>\r\n<meta property=\"og:title\" content=\"La communaut\u00e9 universitaire mobilis\u00e9e pour accueillir les futur\u00b7es \u00e9tudiant\u00b7es - UQACtualit\u00e9s\" \/>\r\n<meta property=\"og:description\" content=\"\u00c0 quelques jours des Portes ouvertes, je constate avec enthousiasme la grande mobilisation entourant cette activit\u00e9 de recrutement incontournable pour notre universit\u00e9. La programmation envoy\u00e9e la semaine derni\u00e8re d\u00e9montre une fois de plus la diversit\u00e9 et le caract\u00e8re unique de notre offre de programmes ainsi que la qualit\u00e9 de l\u2019enseignement et de l\u2019accompagnement disponibles. Comme [&hellip;]\" \/>\r\n<meta property=\"og:url\" content=\"https:\/\/www.uqac.ca\/uqactualites\/2021\/11\/22\/la-communaute-universitaire-mobilisee-pour-accueillir-les-futurs-etudiants\/\" \/>\r\n<meta property=\"og:site_name\" content=\"UQACtualit\u00e9s\" \/>\r\n<meta property=\"article:published_time\" content=\"2021-11-22T13:54:14+00:00\" \/>\r\n<meta property=\"article:modified_time\" content=\"2023-10-23T13:39:15+00:00\" \/>\r\n<meta property=\"og:image\" content=\"https:\/\/www.uqac.ca\/uqactualites\/wp-content\/uploads\/2021\/11\/2021-11-23-08_50_17-Window.png\" \/>\r\n\t<meta property=\"og:image:width\" content=\"600\" \/>\r\n\t<meta property=\"og:image:height\" content=\"359\" \/>\r\n\t<meta property=\"og:image:type\" content=\"image\/png\" \/>\r\n<meta name=\"author\" content=\"Ghislain Samson\" \/>\r\n<meta name=\"twitter:card\" content=\"summary_large_image\" \/>\r\n<meta name=\"twitter:label1\" content=\"\u00c9crit par\" \/>\n\t<meta name=\"twitter:data1\" content=\"Ghislain Samson\" \/>\n\t<meta name=\"twitter:label2\" content=\"Estimation du temps de lecture\" \/>\n\t<meta name=\"twitter:data2\" content=\"2 minutes\" \/>\r\n<script type=\"application\/ld+json\" class=\"yoast-schema-graph\">{\"@context\":\"https:\/\/schema.org\",\"@graph\":[{\"@type\":\"WebPage\",\"@id\":\"https:\/\/www.uqac.ca\/uqactualites\/2021\/11\/22\/la-communaute-universitaire-mobilisee-pour-accueillir-les-futurs-etudiants\/\",\"url\":\"https:\/\/www.uqac.ca\/uqactualites\/2021\/11\/22\/la-communaute-universitaire-mobilisee-pour-accueillir-les-futurs-etudiants\/\",\"name\":\"La communaut\u00e9 universitaire mobilis\u00e9e pour accueillir les futur\u00b7es \u00e9tudiant\u00b7es - UQACtualit\u00e9s\",\"isPartOf\":{\"@id\":\"https:\/\/www.uqac.ca\/uqactualites\/#website\"},\"primaryImageOfPage\":{\"@id\":\"https:\/\/www.uqac.ca\/uqactualites\/2021\/11\/22\/la-communaute-universitaire-mobilisee-pour-accueillir-les-futurs-etudiants\/#primaryimage\"},\"image\":{\"@id\":\"https:\/\/www.uqac.ca\/uqactualites\/2021\/11\/22\/la-communaute-universitaire-mobilisee-pour-accueillir-les-futurs-etudiants\/#primaryimage\"},\"thumbnailUrl\":\"https:\/\/www.uqac.ca\/uqactualites\/wp-content\/uploads\/2021\/11\/2021-11-23-08_50_17-Window.png\",\"datePublished\":\"2021-11-22T13:54:14+00:00\",\"dateModified\":\"2023-10-23T13:39:15+00:00\",\"author\":{\"@id\":\"https:\/\/www.uqac.ca\/uqactualites\/#\/schema\/person\/ae2225f9f23eebff67a6e899225952fb\"},\"breadcrumb\":{\"@id\":\"https:\/\/www.uqac.ca\/uqactualites\/2021\/11\/22\/la-communaute-universitaire-mobilisee-pour-accueillir-les-futurs-etudiants\/#breadcrumb\"},\"inLanguage\":\"fr-CA\",\"potentialAction\":[{\"@type\":\"ReadAction\",\"target\":[\"https:\/\/www.uqac.ca\/uqactualites\/2021\/11\/22\/la-communaute-universitaire-mobilisee-pour-accueillir-les-futurs-etudiants\/\"]}]},{\"@type\":\"ImageObject\",\"inLanguage\":\"fr-CA\",\"@id\":\"https:\/\/www.uqac.ca\/uqactualites\/2021\/11\/22\/la-communaute-universitaire-mobilisee-pour-accueillir-les-futurs-etudiants\/#primaryimage\",\"url\":\"https:\/\/www.uqac.ca\/uqactualites\/wp-content\/uploads\/2021\/11\/2021-11-23-08_50_17-Window.png\",\"contentUrl\":\"https:\/\/www.uqac.ca\/uqactualites\/wp-content\/uploads\/2021\/11\/2021-11-23-08_50_17-Window.png\",\"width\":600,\"height\":359},{\"@type\":\"BreadcrumbList\",\"@id\":\"https:\/\/www.uqac.ca\/uqactualites\/2021\/11\/22\/la-communaute-universitaire-mobilisee-pour-accueillir-les-futurs-etudiants\/#breadcrumb\",\"itemListElement\":[{\"@type\":\"ListItem\",\"position\":1,\"name\":\"Home\",\"item\":\"https:\/\/www.uqac.ca\/uqactualites\/\"},{\"@type\":\"ListItem\",\"position\":2,\"name\":\"La communaut\u00e9 universitaire mobilis\u00e9e pour accueillir les futur\u00b7es \u00e9tudiant\u00b7es\"}]},{\"@type\":\"WebSite\",\"@id\":\"https:\/\/www.uqac.ca\/uqactualites\/#website\",\"url\":\"https:\/\/www.uqac.ca\/uqactualites\/\",\"name\":\"UQACtualit\u00e9s\",\"description\":\"Le portail des nouvelles de l&#039;UQAC\",\"potentialAction\":[{\"@type\":\"SearchAction\",\"target\":{\"@type\":\"EntryPoint\",\"urlTemplate\":\"https:\/\/www.uqac.ca\/uqactualites\/?s={search_term_string}\"},\"query-input\":{\"@type\":\"PropertyValueSpecification\",\"valueRequired\":true,\"valueName\":\"search_term_string\"}}],\"inLanguage\":\"fr-CA\"},{\"@type\":\"Person\",\"@id\":\"https:\/\/www.uqac.ca\/uqactualites\/#\/schema\/person\/ae2225f9f23eebff67a6e899225952fb\",\"name\":\"Ghislain Samson\",\"image\":{\"@type\":\"ImageObject\",\"inLanguage\":\"fr-CA\",\"@id\":\"https:\/\/www.uqac.ca\/uqactualites\/#\/schema\/person\/image\/\",\"url\":\"https:\/\/secure.gravatar.com\/avatar\/61ad9756d7707fefb25ed321388b2105?s=96&d=mm&r=g\",\"contentUrl\":\"https:\/\/secure.gravatar.com\/avatar\/61ad9756d7707fefb25ed321388b2105?s=96&d=mm&r=g\",\"caption\":\"Ghislain Samson\"},\"url\":\"https:\/\/www.uqac.ca\/uqactualites\/author\/gsamson\/\"}]}<\/script>\r\n<!-- \/ Yoast SEO plugin. -->","yoast_head_json":{"title":"La communaut\u00e9 universitaire mobilis\u00e9e pour accueillir les futur\u00b7es \u00e9tudiant\u00b7es - UQACtualit\u00e9s","robots":{"index":"index","follow":"follow","max-snippet":"max-snippet:-1","max-image-preview":"max-image-preview:large","max-video-preview":"max-video-preview:-1"},"canonical":"https:\/\/www.uqac.ca\/uqactualites\/2021\/11\/22\/la-communaute-universitaire-mobilisee-pour-accueillir-les-futurs-etudiants\/","og_locale":"fr_CA","og_type":"article","og_title":"La communaut\u00e9 universitaire mobilis\u00e9e pour accueillir les futur\u00b7es \u00e9tudiant\u00b7es - UQACtualit\u00e9s","og_description":"\u00c0 quelques jours des Portes ouvertes, je constate avec enthousiasme la grande mobilisation entourant cette activit\u00e9 de recrutement incontournable pour notre universit\u00e9. La programmation envoy\u00e9e la semaine derni\u00e8re d\u00e9montre une fois de plus la diversit\u00e9 et le caract\u00e8re unique de notre offre de programmes ainsi que la qualit\u00e9 de l\u2019enseignement et de l\u2019accompagnement disponibles. Comme [&hellip;]","og_url":"https:\/\/www.uqac.ca\/uqactualites\/2021\/11\/22\/la-communaute-universitaire-mobilisee-pour-accueillir-les-futurs-etudiants\/","og_site_name":"UQACtualit\u00e9s","article_published_time":"2021-11-22T13:54:14+00:00","article_modified_time":"2023-10-23T13:39:15+00:00","og_image":[{"width":600,"height":359,"url":"https:\/\/www.uqac.ca\/uqactualites\/wp-content\/uploads\/2021\/11\/2021-11-23-08_50_17-Window.png","type":"image\/png"}],"author":"Ghislain Samson","twitter_card":"summary_large_image","twitter_misc":{"\u00c9crit par":"Ghislain Samson","Estimation du temps de lecture":"2 minutes"},"schema":{"@context":"https:\/\/schema.org","@graph":[{"@type":"WebPage","@id":"https:\/\/www.uqac.ca\/uqactualites\/2021\/11\/22\/la-communaute-universitaire-mobilisee-pour-accueillir-les-futurs-etudiants\/","url":"https:\/\/www.uqac.ca\/uqactualites\/2021\/11\/22\/la-communaute-universitaire-mobilisee-pour-accueillir-les-futurs-etudiants\/","name":"La communaut\u00e9 universitaire mobilis\u00e9e pour accueillir les futur\u00b7es \u00e9tudiant\u00b7es - UQACtualit\u00e9s","isPartOf":{"@id":"https:\/\/www.uqac.ca\/uqactualites\/#website"},"primaryImageOfPage":{"@id":"https:\/\/www.uqac.ca\/uqactualites\/2021\/11\/22\/la-communaute-universitaire-mobilisee-pour-accueillir-les-futurs-etudiants\/#primaryimage"},"image":{"@id":"https:\/\/www.uqac.ca\/uqactualites\/2021\/11\/22\/la-communaute-universitaire-mobilisee-pour-accueillir-les-futurs-etudiants\/#primaryimage"},"thumbnailUrl":"https:\/\/www.uqac.ca\/uqactualites\/wp-content\/uploads\/2021\/11\/2021-11-23-08_50_17-Window.png","datePublished":"2021-11-22T13:54:14+00:00","dateModified":"2023-10-23T13:39:15+00:00","author":{"@id":"https:\/\/www.uqac.ca\/uqactualites\/#\/schema\/person\/ae2225f9f23eebff67a6e899225952fb"},"breadcrumb":{"@id":"https:\/\/www.uqac.ca\/uqactualites\/2021\/11\/22\/la-communaute-universitaire-mobilisee-pour-accueillir-les-futurs-etudiants\/#breadcrumb"},"inLanguage":"fr-CA","potentialAction":[{"@type":"ReadAction","target":["https:\/\/www.uqac.ca\/uqactualites\/2021\/11\/22\/la-communaute-universitaire-mobilisee-pour-accueillir-les-futurs-etudiants\/"]}]},{"@type":"ImageObject","inLanguage":"fr-CA","@id":"https:\/\/www.uqac.ca\/uqactualites\/2021\/11\/22\/la-communaute-universitaire-mobilisee-pour-accueillir-les-futurs-etudiants\/#primaryimage","url":"https:\/\/www.uqac.ca\/uqactualites\/wp-content\/uploads\/2021\/11\/2021-11-23-08_50_17-Window.png","contentUrl":"https:\/\/www.uqac.ca\/uqactualites\/wp-content\/uploads\/2021\/11\/2021-11-23-08_50_17-Window.png","width":600,"height":359},{"@type":"BreadcrumbList","@id":"https:\/\/www.uqac.ca\/uqactualites\/2021\/11\/22\/la-communaute-universitaire-mobilisee-pour-accueillir-les-futurs-etudiants\/#breadcrumb","itemListElement":[{"@type":"ListItem","position":1,"name":"Home","item":"https:\/\/www.uqac.ca\/uqactualites\/"},{"@type":"ListItem","position":2,"name":"La communaut\u00e9 universitaire mobilis\u00e9e pour accueillir les futur\u00b7es \u00e9tudiant\u00b7es"}]},{"@type":"WebSite","@id":"https:\/\/www.uqac.ca\/uqactualites\/#website","url":"https:\/\/www.uqac.ca\/uqactualites\/","name":"UQACtualit\u00e9s","description":"Le portail des nouvelles de l&#039;UQAC","potentialAction":[{"@type":"SearchAction","target":{"@type":"EntryPoint","urlTemplate":"https:\/\/www.uqac.ca\/uqactualites\/?s={search_term_string}"},"query-input":{"@type":"PropertyValueSpecification","valueRequired":true,"valueName":"search_term_string"}}],"inLanguage":"fr-CA"},{"@type":"Person","@id":"https:\/\/www.uqac.ca\/uqactualites\/#\/schema\/person\/ae2225f9f23eebff67a6e899225952fb","name":"Ghislain Samson","image":{"@type":"ImageObject","inLanguage":"fr-CA","@id":"https:\/\/www.uqac.ca\/uqactualites\/#\/schema\/person\/image\/","url":"https:\/\/secure.gravatar.com\/avatar\/61ad9756d7707fefb25ed321388b2105?s=96&d=mm&r=g","contentUrl":"https:\/\/secure.gravatar.com\/avatar\/61ad9756d7707fefb25ed321388b2105?s=96&d=mm&r=g","caption":"Ghislain Samson"},"url":"https:\/\/www.uqac.ca\/uqactualites\/author\/gsamson\/"}]}},"_links":{"self":[{"href":"https:\/\/www.uqac.ca\/uqactualites\/wp-json\/wp\/v2\/posts\/96"}],"collection":[{"href":"https:\/\/www.uqac.ca\/uqactualites\/wp-json\/wp\/v2\/posts"}],"about":[{"href":"https:\/\/www.uqac.ca\/uqactualites\/wp-json\/wp\/v2\/types\/post"}],"author":[{"embeddable":true,"href":"https:\/\/www.uqac.ca\/uqactualites\/wp-json\/wp\/v2\/users\/10"}],"replies":[{"embeddable":true,"href":"https:\/\/www.uqac.ca\/uqactualites\/wp-json\/wp\/v2\/comments?post=96"}],"version-history":[{"count":1,"href":"https:\/\/www.uqac.ca\/uqactualites\/wp-json\/wp\/v2\/posts\/96\/revisions"}],"predecessor-version":[{"id":44882,"href":"https:\/\/www.uqac.ca\/uqactualites\/wp-json\/wp\/v2\/posts\/96\/revisions\/44882"}],"wp:featuredmedia":[{"embeddable":true,"href":"https:\/\/www.uqac.ca\/uqactualites\/wp-json\/wp\/v2\/media\/97"}],"wp:attachment":[{"href":"https:\/\/www.uqac.ca\/uqactualites\/wp-json\/wp\/v2\/media?parent=96"}],"wp:term":[{"taxonomy":"category","embeddable":true,"href":"https:\/\/www.uqac.ca\/uqactualites\/wp-json\/wp\/v2\/categories?post=96"},{"taxonomy":"post_tag","embeddable":true,"href":"https:\/\/www.uqac.ca\/uqactualites\/wp-json\/wp\/v2\/tags?post=96"}],"curies":[{"name":"wp","href":"https:\/\/api.w.org\/{rel}","templated":true}]}}